{"id":13065,"date":"2025-06-19T16:42:46","date_gmt":"2025-06-19T14:42:46","guid":{"rendered":"https:\/\/dp-freunde.de\/comm\/?p=13065"},"modified":"2025-06-19T16:43:31","modified_gmt":"2025-06-19T14:43:31","slug":"deutschlandradio-21-22-6-25-unsere-opfer-zaehlen-nicht-eine-lange-nacht-ueber-afrika-asien-und-ozeanien-im-zweiten-weltkrieg","status":"publish","type":"post","link":"https:\/\/dp-freunde.de\/comm\/2025\/06\/deutschlandradio-21-22-6-25-unsere-opfer-zaehlen-nicht-eine-lange-nacht-ueber-afrika-asien-und-ozeanien-im-zweiten-weltkrieg\/","title":{"rendered":"DeutschlandRadio: 21.+22.6.25 &#8222;Unsere Opfer z\u00e4hlen nicht&#8220; Eine Lange Nacht \u00fcber Afrika, Asien und Ozeanien im Zweiten Weltkrieg"},"content":{"rendered":"\n<p>Die Lange Nacht <em><strong>&#8222;Unsere Opfer z\u00e4hlen nicht&#8220; Eine Lange Nacht \u00fcber Afrika, Asien und Ozeanien im Zweiten Weltkrieg von Birgit Morgenrath, Karl R\u00f6ssel &amp; Rainer Werning wird am Wochenende 21.\/22. Juni (Deutschlandfunk Kultur: 00.05 &#8211; 3.00 Uhr und Deutschlandfunk: 23.05. \u2013 2.00 Uhr<\/strong><\/em> (und im Anschluss: In der Deutschlandfunk App und \u00fcberall, wo es Podcasts gibt) ausgestrahlt.<\/p>\n","protected":false},"excerpt":{"rendered":"<p>Die Lange Nacht &#8222;Unsere Opfer z\u00e4hlen nicht&#8220; Eine Lange Nacht \u00fcber Afrika, Asien und Ozeanien im Zweiten Weltkrieg von Birgit Morgenrath, Karl R\u00f6ssel &amp; Rainer Werning wird am Wochenende 21.\/22. Juni (Deutschlandfunk Kultur: 00.05 &#8211; 3.00 Uhr und Deutschlandfunk: 23.05. &hellip;<\/p>\n<p class=\"read-more\"> <a class=\"more-link\" href=\"https:\/\/dp-freunde.de\/comm\/2025\/06\/deutschlandradio-21-22-6-25-unsere-opfer-zaehlen-nicht-eine-lange-nacht-ueber-afrika-asien-und-ozeanien-im-zweiten-weltkrieg\/\"> <span class=\"screen-reader-text\">DeutschlandRadio: 21.+22.6.25 &#8222;Unsere Opfer z\u00e4hlen nicht&#8220; Eine Lange Nacht \u00fcber Afrika, Asien und Ozeanien im Zweiten Weltkrieg<\/span> Weiterlesen &raquo;<\/a><\/p>\n","protected":false},"author":6,"featured_media":0,"comment_status":"closed","ping_status":"open","sticky":false,"template":"","format":"standard","meta":{"footnotes":""},"categories":[41,46],"tags":[],"class_list":["post-13065","post","type-post","status-publish","format-standard","hentry","category-autor-rainer-werning","category-philippinen"],"yoast_head":"<!-- This site is optimized with the Yoast SEO plugin v27.5 - https:\/\/yoast.com\/product\/yoast-seo-wordpress\/ -->\n<title>DeutschlandRadio: 21.+22.6.25 &quot;Unsere Opfer z\u00e4hlen nicht&quot; Eine Lange Nacht \u00fcber Afrika, Asien und Ozeanien im Zweiten Weltkrieg - Deutsch-Philippinische Freunde e.V.<\/title>\n<meta name=\"robots\" content=\"index, follow, max-snippet:-1, max-image-preview:large, max-video-preview:-1\" \/>\n<link rel=\"canonical\" href=\"https:\/\/dp-freunde.de\/comm\/2025\/06\/deutschlandradio-21-22-6-25-unsere-opfer-zaehlen-nicht-eine-lange-nacht-ueber-afrika-asien-und-ozeanien-im-zweiten-weltkrieg\/\" \/>\n<meta property=\"og:locale\" content=\"de_DE\" \/>\n<meta property=\"og:type\" content=\"article\" \/>\n<meta property=\"og:title\" content=\"DeutschlandRadio: 21.+22.6.25 &quot;Unsere Opfer z\u00e4hlen nicht&quot; Eine Lange Nacht \u00fcber Afrika, Asien und Ozeanien im Zweiten Weltkrieg - Deutsch-Philippinische Freunde e.V.\" \/>\n<meta property=\"og:description\" content=\"Die Lange Nacht &#8222;Unsere Opfer z\u00e4hlen nicht&#8220; Eine Lange Nacht \u00fcber Afrika, Asien und Ozeanien im Zweiten Weltkrieg von Birgit Morgenrath, Karl R\u00f6ssel &amp; Rainer Werning wird am Wochenende 21.\/22. Juni (Deutschlandfunk Kultur: 00.05 &#8211; 3.00 Uhr und Deutschlandfunk: 23.05. &hellip; DeutschlandRadio: 21.+22.6.25 &#8222;Unsere Opfer z\u00e4hlen nicht&#8220; Eine Lange Nacht \u00fcber Afrika, Asien und Ozeanien im Zweiten Weltkrieg Weiterlesen &raquo;\" \/>\n<meta property=\"og:url\" content=\"https:\/\/dp-freunde.de\/comm\/2025\/06\/deutschlandradio-21-22-6-25-unsere-opfer-zaehlen-nicht-eine-lange-nacht-ueber-afrika-asien-und-ozeanien-im-zweiten-weltkrieg\/\" \/>\n<meta property=\"og:site_name\" content=\"Deutsch-Philippinische Freunde e.V.\" \/>\n<meta property=\"article:published_time\" content=\"2025-06-19T14:42:46+00:00\" \/>\n<meta property=\"article:modified_time\" content=\"2025-06-19T14:43:31+00:00\" \/>\n<meta name=\"author\" content=\"Webmaster1\" \/>\n<meta name=\"twitter:card\" content=\"summary_large_image\" \/>\n<meta name=\"twitter:label1\" content=\"Verfasst von\" \/>\n\t<meta name=\"twitter:data1\" content=\"Webmaster1\" \/>\n\t<meta name=\"twitter:label2\" content=\"Gesch\u00e4tzte Lesezeit\" \/>\n\t<meta name=\"twitter:data2\" content=\"1\u00a0Minute\" \/>\n<script type=\"application\/ld+json\" class=\"yoast-schema-graph\">{\"@context\":\"https:\\\/\\\/schema.org\",\"@graph\":[{\"@type\":\"Article\",\"@id\":\"https:\\\/\\\/dp-freunde.de\\\/comm\\\/2025\\\/06\\\/deutschlandradio-21-22-6-25-unsere-opfer-zaehlen-nicht-eine-lange-nacht-ueber-afrika-asien-und-ozeanien-im-zweiten-weltkrieg\\\/#article\",\"isPartOf\":{\"@id\":\"https:\\\/\\\/dp-freunde.de\\\/comm\\\/2025\\\/06\\\/deutschlandradio-21-22-6-25-unsere-opfer-zaehlen-nicht-eine-lange-nacht-ueber-afrika-asien-und-ozeanien-im-zweiten-weltkrieg\\\/\"},\"author\":{\"name\":\"Webmaster1\",\"@id\":\"https:\\\/\\\/dp-freunde.de\\\/comm\\\/#\\\/schema\\\/person\\\/5283843684813fd75a5e3d0675c1100f\"},\"headline\":\"DeutschlandRadio: 21.+22.6.25 &#8222;Unsere Opfer z\u00e4hlen nicht&#8220; Eine Lange Nacht \u00fcber Afrika, Asien und Ozeanien im Zweiten Weltkrieg\",\"datePublished\":\"2025-06-19T14:42:46+00:00\",\"dateModified\":\"2025-06-19T14:43:31+00:00\",\"mainEntityOfPage\":{\"@id\":\"https:\\\/\\\/dp-freunde.de\\\/comm\\\/2025\\\/06\\\/deutschlandradio-21-22-6-25-unsere-opfer-zaehlen-nicht-eine-lange-nacht-ueber-afrika-asien-und-ozeanien-im-zweiten-weltkrieg\\\/\"},\"wordCount\":70,\"articleSection\":[\"Autor Rainer Werning\",\"Philippinen\"],\"inLanguage\":\"de\"},{\"@type\":\"WebPage\",\"@id\":\"https:\\\/\\\/dp-freunde.de\\\/comm\\\/2025\\\/06\\\/deutschlandradio-21-22-6-25-unsere-opfer-zaehlen-nicht-eine-lange-nacht-ueber-afrika-asien-und-ozeanien-im-zweiten-weltkrieg\\\/\",\"url\":\"https:\\\/\\\/dp-freunde.de\\\/comm\\\/2025\\\/06\\\/deutschlandradio-21-22-6-25-unsere-opfer-zaehlen-nicht-eine-lange-nacht-ueber-afrika-asien-und-ozeanien-im-zweiten-weltkrieg\\\/\",\"name\":\"DeutschlandRadio: 21.+22.6.25 \\\"Unsere Opfer z\u00e4hlen nicht\\\" Eine Lange Nacht \u00fcber Afrika, Asien und Ozeanien im Zweiten Weltkrieg - Deutsch-Philippinische Freunde e.V.\",\"isPartOf\":{\"@id\":\"https:\\\/\\\/dp-freunde.de\\\/comm\\\/#website\"},\"datePublished\":\"2025-06-19T14:42:46+00:00\",\"dateModified\":\"2025-06-19T14:43:31+00:00\",\"author\":{\"@id\":\"https:\\\/\\\/dp-freunde.de\\\/comm\\\/#\\\/schema\\\/person\\\/5283843684813fd75a5e3d0675c1100f\"},\"breadcrumb\":{\"@id\":\"https:\\\/\\\/dp-freunde.de\\\/comm\\\/2025\\\/06\\\/deutschlandradio-21-22-6-25-unsere-opfer-zaehlen-nicht-eine-lange-nacht-ueber-afrika-asien-und-ozeanien-im-zweiten-weltkrieg\\\/#breadcrumb\"},\"inLanguage\":\"de\",\"potentialAction\":[{\"@type\":\"ReadAction\",\"target\":[\"https:\\\/\\\/dp-freunde.de\\\/comm\\\/2025\\\/06\\\/deutschlandradio-21-22-6-25-unsere-opfer-zaehlen-nicht-eine-lange-nacht-ueber-afrika-asien-und-ozeanien-im-zweiten-weltkrieg\\\/\"]}]},{\"@type\":\"BreadcrumbList\",\"@id\":\"https:\\\/\\\/dp-freunde.de\\\/comm\\\/2025\\\/06\\\/deutschlandradio-21-22-6-25-unsere-opfer-zaehlen-nicht-eine-lange-nacht-ueber-afrika-asien-und-ozeanien-im-zweiten-weltkrieg\\\/#breadcrumb\",\"itemListElement\":[{\"@type\":\"ListItem\",\"position\":1,\"name\":\"Startseite\",\"item\":\"https:\\\/\\\/dp-freunde.de\\\/comm\\\/\"},{\"@type\":\"ListItem\",\"position\":2,\"name\":\"DeutschlandRadio: 21.+22.6.25 &#8222;Unsere Opfer z\u00e4hlen nicht&#8220; Eine Lange Nacht \u00fcber Afrika, Asien und Ozeanien im Zweiten Weltkrieg\"}]},{\"@type\":\"WebSite\",\"@id\":\"https:\\\/\\\/dp-freunde.de\\\/comm\\\/#website\",\"url\":\"https:\\\/\\\/dp-freunde.de\\\/comm\\\/\",\"name\":\"Deutsch-Philippinische Freunde e.V.\",\"description\":\"Solidarische Hilfe bei gegenseitigem Respekt auf Augenh\u00f6he\",\"potentialAction\":[{\"@type\":\"SearchAction\",\"target\":{\"@type\":\"EntryPoint\",\"urlTemplate\":\"https:\\\/\\\/dp-freunde.de\\\/comm\\\/?s={search_term_string}\"},\"query-input\":{\"@type\":\"PropertyValueSpecification\",\"valueRequired\":true,\"valueName\":\"search_term_string\"}}],\"inLanguage\":\"de\"},{\"@type\":\"Person\",\"@id\":\"https:\\\/\\\/dp-freunde.de\\\/comm\\\/#\\\/schema\\\/person\\\/5283843684813fd75a5e3d0675c1100f\",\"name\":\"Webmaster1\"}]}<\/script>\n<!-- \/ Yoast SEO plugin. -->","yoast_head_json":{"title":"DeutschlandRadio: 21.+22.6.25 \"Unsere Opfer z\u00e4hlen nicht\" Eine Lange Nacht \u00fcber Afrika, Asien und Ozeanien im Zweiten Weltkrieg - Deutsch-Philippinische Freunde e.V.","robots":{"index":"index","follow":"follow","max-snippet":"max-snippet:-1","max-image-preview":"max-image-preview:large","max-video-preview":"max-video-preview:-1"},"canonical":"https:\/\/dp-freunde.de\/comm\/2025\/06\/deutschlandradio-21-22-6-25-unsere-opfer-zaehlen-nicht-eine-lange-nacht-ueber-afrika-asien-und-ozeanien-im-zweiten-weltkrieg\/","og_locale":"de_DE","og_type":"article","og_title":"DeutschlandRadio: 21.+22.6.25 \"Unsere Opfer z\u00e4hlen nicht\" Eine Lange Nacht \u00fcber Afrika, Asien und Ozeanien im Zweiten Weltkrieg - Deutsch-Philippinische Freunde e.V.","og_description":"Die Lange Nacht &#8222;Unsere Opfer z\u00e4hlen nicht&#8220; Eine Lange Nacht \u00fcber Afrika, Asien und Ozeanien im Zweiten Weltkrieg von Birgit Morgenrath, Karl R\u00f6ssel &amp; Rainer Werning wird am Wochenende 21.\/22. Juni (Deutschlandfunk Kultur: 00.05 &#8211; 3.00 Uhr und Deutschlandfunk: 23.05. &hellip; DeutschlandRadio: 21.+22.6.25 &#8222;Unsere Opfer z\u00e4hlen nicht&#8220; Eine Lange Nacht \u00fcber Afrika, Asien und Ozeanien im Zweiten Weltkrieg Weiterlesen &raquo;","og_url":"https:\/\/dp-freunde.de\/comm\/2025\/06\/deutschlandradio-21-22-6-25-unsere-opfer-zaehlen-nicht-eine-lange-nacht-ueber-afrika-asien-und-ozeanien-im-zweiten-weltkrieg\/","og_site_name":"Deutsch-Philippinische Freunde e.V.","article_published_time":"2025-06-19T14:42:46+00:00","article_modified_time":"2025-06-19T14:43:31+00:00","author":"Webmaster1","twitter_card":"summary_large_image","twitter_misc":{"Verfasst von":"Webmaster1","Gesch\u00e4tzte Lesezeit":"1\u00a0Minute"},"schema":{"@context":"https:\/\/schema.org","@graph":[{"@type":"Article","@id":"https:\/\/dp-freunde.de\/comm\/2025\/06\/deutschlandradio-21-22-6-25-unsere-opfer-zaehlen-nicht-eine-lange-nacht-ueber-afrika-asien-und-ozeanien-im-zweiten-weltkrieg\/#article","isPartOf":{"@id":"https:\/\/dp-freunde.de\/comm\/2025\/06\/deutschlandradio-21-22-6-25-unsere-opfer-zaehlen-nicht-eine-lange-nacht-ueber-afrika-asien-und-ozeanien-im-zweiten-weltkrieg\/"},"author":{"name":"Webmaster1","@id":"https:\/\/dp-freunde.de\/comm\/#\/schema\/person\/5283843684813fd75a5e3d0675c1100f"},"headline":"DeutschlandRadio: 21.+22.6.25 &#8222;Unsere Opfer z\u00e4hlen nicht&#8220; Eine Lange Nacht \u00fcber Afrika, Asien und Ozeanien im Zweiten Weltkrieg","datePublished":"2025-06-19T14:42:46+00:00","dateModified":"2025-06-19T14:43:31+00:00","mainEntityOfPage":{"@id":"https:\/\/dp-freunde.de\/comm\/2025\/06\/deutschlandradio-21-22-6-25-unsere-opfer-zaehlen-nicht-eine-lange-nacht-ueber-afrika-asien-und-ozeanien-im-zweiten-weltkrieg\/"},"wordCount":70,"articleSection":["Autor Rainer Werning","Philippinen"],"inLanguage":"de"},{"@type":"WebPage","@id":"https:\/\/dp-freunde.de\/comm\/2025\/06\/deutschlandradio-21-22-6-25-unsere-opfer-zaehlen-nicht-eine-lange-nacht-ueber-afrika-asien-und-ozeanien-im-zweiten-weltkrieg\/","url":"https:\/\/dp-freunde.de\/comm\/2025\/06\/deutschlandradio-21-22-6-25-unsere-opfer-zaehlen-nicht-eine-lange-nacht-ueber-afrika-asien-und-ozeanien-im-zweiten-weltkrieg\/","name":"DeutschlandRadio: 21.+22.6.25 \"Unsere Opfer z\u00e4hlen nicht\" Eine Lange Nacht \u00fcber Afrika, Asien und Ozeanien im Zweiten Weltkrieg - Deutsch-Philippinische Freunde e.V.","isPartOf":{"@id":"https:\/\/dp-freunde.de\/comm\/#website"},"datePublished":"2025-06-19T14:42:46+00:00","dateModified":"2025-06-19T14:43:31+00:00","author":{"@id":"https:\/\/dp-freunde.de\/comm\/#\/schema\/person\/5283843684813fd75a5e3d0675c1100f"},"breadcrumb":{"@id":"https:\/\/dp-freunde.de\/comm\/2025\/06\/deutschlandradio-21-22-6-25-unsere-opfer-zaehlen-nicht-eine-lange-nacht-ueber-afrika-asien-und-ozeanien-im-zweiten-weltkrieg\/#breadcrumb"},"inLanguage":"de","potentialAction":[{"@type":"ReadAction","target":["https:\/\/dp-freunde.de\/comm\/2025\/06\/deutschlandradio-21-22-6-25-unsere-opfer-zaehlen-nicht-eine-lange-nacht-ueber-afrika-asien-und-ozeanien-im-zweiten-weltkrieg\/"]}]},{"@type":"BreadcrumbList","@id":"https:\/\/dp-freunde.de\/comm\/2025\/06\/deutschlandradio-21-22-6-25-unsere-opfer-zaehlen-nicht-eine-lange-nacht-ueber-afrika-asien-und-ozeanien-im-zweiten-weltkrieg\/#breadcrumb","itemListElement":[{"@type":"ListItem","position":1,"name":"Startseite","item":"https:\/\/dp-freunde.de\/comm\/"},{"@type":"ListItem","position":2,"name":"DeutschlandRadio: 21.+22.6.25 &#8222;Unsere Opfer z\u00e4hlen nicht&#8220; Eine Lange Nacht \u00fcber Afrika, Asien und Ozeanien im Zweiten Weltkrieg"}]},{"@type":"WebSite","@id":"https:\/\/dp-freunde.de\/comm\/#website","url":"https:\/\/dp-freunde.de\/comm\/","name":"Deutsch-Philippinische Freunde e.V.","description":"Solidarische Hilfe bei gegenseitigem Respekt auf Augenh\u00f6he","potentialAction":[{"@type":"SearchAction","target":{"@type":"EntryPoint","urlTemplate":"https:\/\/dp-freunde.de\/comm\/?s={search_term_string}"},"query-input":{"@type":"PropertyValueSpecification","valueRequired":true,"valueName":"search_term_string"}}],"inLanguage":"de"},{"@type":"Person","@id":"https:\/\/dp-freunde.de\/comm\/#\/schema\/person\/5283843684813fd75a5e3d0675c1100f","name":"Webmaster1"}]}},"_links":{"self":[{"href":"https:\/\/dp-freunde.de\/comm\/wp-json\/wp\/v2\/posts\/13065","targetHints":{"allow":["GET"]}}],"collection":[{"href":"https:\/\/dp-freunde.de\/comm\/wp-json\/wp\/v2\/posts"}],"about":[{"href":"https:\/\/dp-freunde.de\/comm\/wp-json\/wp\/v2\/types\/post"}],"author":[{"embeddable":true,"href":"https:\/\/dp-freunde.de\/comm\/wp-json\/wp\/v2\/users\/6"}],"replies":[{"embeddable":true,"href":"https:\/\/dp-freunde.de\/comm\/wp-json\/wp\/v2\/comments?post=13065"}],"version-history":[{"count":1,"href":"https:\/\/dp-freunde.de\/comm\/wp-json\/wp\/v2\/posts\/13065\/revisions"}],"predecessor-version":[{"id":13066,"href":"https:\/\/dp-freunde.de\/comm\/wp-json\/wp\/v2\/posts\/13065\/revisions\/13066"}],"wp:attachment":[{"href":"https:\/\/dp-freunde.de\/comm\/wp-json\/wp\/v2\/media?parent=13065"}],"wp:term":[{"taxonomy":"category","embeddable":true,"href":"https:\/\/dp-freunde.de\/comm\/wp-json\/wp\/v2\/categories?post=13065"},{"taxonomy":"post_tag","embeddable":true,"href":"https:\/\/dp-freunde.de\/comm\/wp-json\/wp\/v2\/tags?post=13065"}],"curies":[{"name":"wp","href":"https:\/\/api.w.org\/{rel}","templated":true}]}}