{"id":15308,"date":"2025-09-10T18:43:27","date_gmt":"2025-09-10T16:43:27","guid":{"rendered":"https:\/\/dp-freunde.de\/comm\/?p=15308"},"modified":"2025-09-16T18:52:16","modified_gmt":"2025-09-16T16:52:16","slug":"arbeiter-protestieren-gegen-entlassungen-bei-wyeth","status":"publish","type":"post","link":"https:\/\/dp-freunde.de\/comm\/2025\/09\/arbeiter-protestieren-gegen-entlassungen-bei-wyeth\/","title":{"rendered":"Arbeiter protestieren gegen Entlassungen bei Wyeth"},"content":{"rendered":"\n<p>Die Gewerkschaft der Mitarbeiter von Wyeth kritisieren ein neues Konzept des Unternehmens f\u00fcr den Fabrikbetrieb. Nach Ansicht der Gewerkschaft f\u00fchrt das Konzept zu einer h\u00f6heren Arbeitsbelastung, zu Versetzungen in andere Produktionsbereiche und m\u00f6glicherweise zu Entlassungen.<\/p>\n\n\n\n<p>Der Plan zur Einf\u00fchrung des neuen Konzepts entstand nachdem die Gewerkschaft w\u00e4hrend Verhandlungen eine Lohnerh\u00f6hung \u00fcber drei Jahre, zus\u00e4tzliche Sozialleistungen und die Festanstellung von Leiharbeitern forderte.<\/p>\n","protected":false},"excerpt":{"rendered":"<p>Die Gewerkschaft der Mitarbeiter von Wyeth kritisieren ein neues Konzept des Unternehmens f\u00fcr den Fabrikbetrieb. Nach Ansicht der Gewerkschaft f\u00fchrt das Konzept zu einer h\u00f6heren Arbeitsbelastung, zu Versetzungen in andere Produktionsbereiche und m\u00f6glicherweise zu Entlassungen. Der Plan zur Einf\u00fchrung des &hellip;<\/p>\n<p class=\"read-more\"> <a class=\"more-link\" href=\"https:\/\/dp-freunde.de\/comm\/2025\/09\/arbeiter-protestieren-gegen-entlassungen-bei-wyeth\/\"> <span class=\"screen-reader-text\">Arbeiter protestieren gegen Entlassungen bei Wyeth<\/span> Weiterlesen &raquo;<\/a><\/p>\n","protected":false},"author":6,"featured_media":0,"comment_status":"closed","ping_status":"open","sticky":false,"template":"","format":"standard","meta":{"footnotes":""},"categories":[1],"tags":[],"class_list":["post-15308","post","type-post","status-publish","format-standard","hentry","category-allgemein"],"yoast_head":"<!-- This site is optimized with the Yoast SEO plugin v27.5 - https:\/\/yoast.com\/product\/yoast-seo-wordpress\/ -->\n<title>Arbeiter protestieren gegen Entlassungen bei Wyeth - Deutsch-Philippinische Freunde e.V.<\/title>\n<meta name=\"robots\" content=\"index, follow, max-snippet:-1, max-image-preview:large, max-video-preview:-1\" \/>\n<link rel=\"canonical\" href=\"https:\/\/dp-freunde.de\/comm\/2025\/09\/arbeiter-protestieren-gegen-entlassungen-bei-wyeth\/\" \/>\n<meta property=\"og:locale\" content=\"de_DE\" \/>\n<meta property=\"og:type\" content=\"article\" \/>\n<meta property=\"og:title\" content=\"Arbeiter protestieren gegen Entlassungen bei Wyeth - Deutsch-Philippinische Freunde e.V.\" \/>\n<meta property=\"og:description\" content=\"Die Gewerkschaft der Mitarbeiter von Wyeth kritisieren ein neues Konzept des Unternehmens f\u00fcr den Fabrikbetrieb. Nach Ansicht der Gewerkschaft f\u00fchrt das Konzept zu einer h\u00f6heren Arbeitsbelastung, zu Versetzungen in andere Produktionsbereiche und m\u00f6glicherweise zu Entlassungen. Der Plan zur Einf\u00fchrung des &hellip; Arbeiter protestieren gegen Entlassungen bei Wyeth Weiterlesen &raquo;\" \/>\n<meta property=\"og:url\" content=\"https:\/\/dp-freunde.de\/comm\/2025\/09\/arbeiter-protestieren-gegen-entlassungen-bei-wyeth\/\" \/>\n<meta property=\"og:site_name\" content=\"Deutsch-Philippinische Freunde e.V.\" \/>\n<meta property=\"article:published_time\" content=\"2025-09-10T16:43:27+00:00\" \/>\n<meta property=\"article:modified_time\" content=\"2025-09-16T16:52:16+00:00\" \/>\n<meta name=\"author\" content=\"Webmaster1\" \/>\n<meta name=\"twitter:card\" content=\"summary_large_image\" \/>\n<meta name=\"twitter:label1\" content=\"Verfasst von\" \/>\n\t<meta name=\"twitter:data1\" content=\"Webmaster1\" \/>\n\t<meta name=\"twitter:label2\" content=\"Gesch\u00e4tzte Lesezeit\" \/>\n\t<meta name=\"twitter:data2\" content=\"1\u00a0Minute\" \/>\n<script type=\"application\/ld+json\" class=\"yoast-schema-graph\">{\"@context\":\"https:\\\/\\\/schema.org\",\"@graph\":[{\"@type\":\"Article\",\"@id\":\"https:\\\/\\\/dp-freunde.de\\\/comm\\\/2025\\\/09\\\/arbeiter-protestieren-gegen-entlassungen-bei-wyeth\\\/#article\",\"isPartOf\":{\"@id\":\"https:\\\/\\\/dp-freunde.de\\\/comm\\\/2025\\\/09\\\/arbeiter-protestieren-gegen-entlassungen-bei-wyeth\\\/\"},\"author\":{\"name\":\"Webmaster1\",\"@id\":\"https:\\\/\\\/dp-freunde.de\\\/comm\\\/#\\\/schema\\\/person\\\/5283843684813fd75a5e3d0675c1100f\"},\"headline\":\"Arbeiter protestieren gegen Entlassungen bei Wyeth\",\"datePublished\":\"2025-09-10T16:43:27+00:00\",\"dateModified\":\"2025-09-16T16:52:16+00:00\",\"mainEntityOfPage\":{\"@id\":\"https:\\\/\\\/dp-freunde.de\\\/comm\\\/2025\\\/09\\\/arbeiter-protestieren-gegen-entlassungen-bei-wyeth\\\/\"},\"wordCount\":75,\"inLanguage\":\"de\"},{\"@type\":\"WebPage\",\"@id\":\"https:\\\/\\\/dp-freunde.de\\\/comm\\\/2025\\\/09\\\/arbeiter-protestieren-gegen-entlassungen-bei-wyeth\\\/\",\"url\":\"https:\\\/\\\/dp-freunde.de\\\/comm\\\/2025\\\/09\\\/arbeiter-protestieren-gegen-entlassungen-bei-wyeth\\\/\",\"name\":\"Arbeiter protestieren gegen Entlassungen bei Wyeth - Deutsch-Philippinische Freunde e.V.\",\"isPartOf\":{\"@id\":\"https:\\\/\\\/dp-freunde.de\\\/comm\\\/#website\"},\"datePublished\":\"2025-09-10T16:43:27+00:00\",\"dateModified\":\"2025-09-16T16:52:16+00:00\",\"author\":{\"@id\":\"https:\\\/\\\/dp-freunde.de\\\/comm\\\/#\\\/schema\\\/person\\\/5283843684813fd75a5e3d0675c1100f\"},\"breadcrumb\":{\"@id\":\"https:\\\/\\\/dp-freunde.de\\\/comm\\\/2025\\\/09\\\/arbeiter-protestieren-gegen-entlassungen-bei-wyeth\\\/#breadcrumb\"},\"inLanguage\":\"de\",\"potentialAction\":[{\"@type\":\"ReadAction\",\"target\":[\"https:\\\/\\\/dp-freunde.de\\\/comm\\\/2025\\\/09\\\/arbeiter-protestieren-gegen-entlassungen-bei-wyeth\\\/\"]}]},{\"@type\":\"BreadcrumbList\",\"@id\":\"https:\\\/\\\/dp-freunde.de\\\/comm\\\/2025\\\/09\\\/arbeiter-protestieren-gegen-entlassungen-bei-wyeth\\\/#breadcrumb\",\"itemListElement\":[{\"@type\":\"ListItem\",\"position\":1,\"name\":\"Startseite\",\"item\":\"https:\\\/\\\/dp-freunde.de\\\/comm\\\/\"},{\"@type\":\"ListItem\",\"position\":2,\"name\":\"Arbeiter protestieren gegen Entlassungen bei Wyeth\"}]},{\"@type\":\"WebSite\",\"@id\":\"https:\\\/\\\/dp-freunde.de\\\/comm\\\/#website\",\"url\":\"https:\\\/\\\/dp-freunde.de\\\/comm\\\/\",\"name\":\"Deutsch-Philippinische Freunde e.V.\",\"description\":\"Solidarische Hilfe bei gegenseitigem Respekt auf Augenh\u00f6he\",\"potentialAction\":[{\"@type\":\"SearchAction\",\"target\":{\"@type\":\"EntryPoint\",\"urlTemplate\":\"https:\\\/\\\/dp-freunde.de\\\/comm\\\/?s={search_term_string}\"},\"query-input\":{\"@type\":\"PropertyValueSpecification\",\"valueRequired\":true,\"valueName\":\"search_term_string\"}}],\"inLanguage\":\"de\"},{\"@type\":\"Person\",\"@id\":\"https:\\\/\\\/dp-freunde.de\\\/comm\\\/#\\\/schema\\\/person\\\/5283843684813fd75a5e3d0675c1100f\",\"name\":\"Webmaster1\"}]}<\/script>\n<!-- \/ Yoast SEO plugin. -->","yoast_head_json":{"title":"Arbeiter protestieren gegen Entlassungen bei Wyeth - Deutsch-Philippinische Freunde e.V.","robots":{"index":"index","follow":"follow","max-snippet":"max-snippet:-1","max-image-preview":"max-image-preview:large","max-video-preview":"max-video-preview:-1"},"canonical":"https:\/\/dp-freunde.de\/comm\/2025\/09\/arbeiter-protestieren-gegen-entlassungen-bei-wyeth\/","og_locale":"de_DE","og_type":"article","og_title":"Arbeiter protestieren gegen Entlassungen bei Wyeth - Deutsch-Philippinische Freunde e.V.","og_description":"Die Gewerkschaft der Mitarbeiter von Wyeth kritisieren ein neues Konzept des Unternehmens f\u00fcr den Fabrikbetrieb. Nach Ansicht der Gewerkschaft f\u00fchrt das Konzept zu einer h\u00f6heren Arbeitsbelastung, zu Versetzungen in andere Produktionsbereiche und m\u00f6glicherweise zu Entlassungen. Der Plan zur Einf\u00fchrung des &hellip; Arbeiter protestieren gegen Entlassungen bei Wyeth Weiterlesen &raquo;","og_url":"https:\/\/dp-freunde.de\/comm\/2025\/09\/arbeiter-protestieren-gegen-entlassungen-bei-wyeth\/","og_site_name":"Deutsch-Philippinische Freunde e.V.","article_published_time":"2025-09-10T16:43:27+00:00","article_modified_time":"2025-09-16T16:52:16+00:00","author":"Webmaster1","twitter_card":"summary_large_image","twitter_misc":{"Verfasst von":"Webmaster1","Gesch\u00e4tzte Lesezeit":"1\u00a0Minute"},"schema":{"@context":"https:\/\/schema.org","@graph":[{"@type":"Article","@id":"https:\/\/dp-freunde.de\/comm\/2025\/09\/arbeiter-protestieren-gegen-entlassungen-bei-wyeth\/#article","isPartOf":{"@id":"https:\/\/dp-freunde.de\/comm\/2025\/09\/arbeiter-protestieren-gegen-entlassungen-bei-wyeth\/"},"author":{"name":"Webmaster1","@id":"https:\/\/dp-freunde.de\/comm\/#\/schema\/person\/5283843684813fd75a5e3d0675c1100f"},"headline":"Arbeiter protestieren gegen Entlassungen bei Wyeth","datePublished":"2025-09-10T16:43:27+00:00","dateModified":"2025-09-16T16:52:16+00:00","mainEntityOfPage":{"@id":"https:\/\/dp-freunde.de\/comm\/2025\/09\/arbeiter-protestieren-gegen-entlassungen-bei-wyeth\/"},"wordCount":75,"inLanguage":"de"},{"@type":"WebPage","@id":"https:\/\/dp-freunde.de\/comm\/2025\/09\/arbeiter-protestieren-gegen-entlassungen-bei-wyeth\/","url":"https:\/\/dp-freunde.de\/comm\/2025\/09\/arbeiter-protestieren-gegen-entlassungen-bei-wyeth\/","name":"Arbeiter protestieren gegen Entlassungen bei Wyeth - Deutsch-Philippinische Freunde e.V.","isPartOf":{"@id":"https:\/\/dp-freunde.de\/comm\/#website"},"datePublished":"2025-09-10T16:43:27+00:00","dateModified":"2025-09-16T16:52:16+00:00","author":{"@id":"https:\/\/dp-freunde.de\/comm\/#\/schema\/person\/5283843684813fd75a5e3d0675c1100f"},"breadcrumb":{"@id":"https:\/\/dp-freunde.de\/comm\/2025\/09\/arbeiter-protestieren-gegen-entlassungen-bei-wyeth\/#breadcrumb"},"inLanguage":"de","potentialAction":[{"@type":"ReadAction","target":["https:\/\/dp-freunde.de\/comm\/2025\/09\/arbeiter-protestieren-gegen-entlassungen-bei-wyeth\/"]}]},{"@type":"BreadcrumbList","@id":"https:\/\/dp-freunde.de\/comm\/2025\/09\/arbeiter-protestieren-gegen-entlassungen-bei-wyeth\/#breadcrumb","itemListElement":[{"@type":"ListItem","position":1,"name":"Startseite","item":"https:\/\/dp-freunde.de\/comm\/"},{"@type":"ListItem","position":2,"name":"Arbeiter protestieren gegen Entlassungen bei Wyeth"}]},{"@type":"WebSite","@id":"https:\/\/dp-freunde.de\/comm\/#website","url":"https:\/\/dp-freunde.de\/comm\/","name":"Deutsch-Philippinische Freunde e.V.","description":"Solidarische Hilfe bei gegenseitigem Respekt auf Augenh\u00f6he","potentialAction":[{"@type":"SearchAction","target":{"@type":"EntryPoint","urlTemplate":"https:\/\/dp-freunde.de\/comm\/?s={search_term_string}"},"query-input":{"@type":"PropertyValueSpecification","valueRequired":true,"valueName":"search_term_string"}}],"inLanguage":"de"},{"@type":"Person","@id":"https:\/\/dp-freunde.de\/comm\/#\/schema\/person\/5283843684813fd75a5e3d0675c1100f","name":"Webmaster1"}]}},"_links":{"self":[{"href":"https:\/\/dp-freunde.de\/comm\/wp-json\/wp\/v2\/posts\/15308","targetHints":{"allow":["GET"]}}],"collection":[{"href":"https:\/\/dp-freunde.de\/comm\/wp-json\/wp\/v2\/posts"}],"about":[{"href":"https:\/\/dp-freunde.de\/comm\/wp-json\/wp\/v2\/types\/post"}],"author":[{"embeddable":true,"href":"https:\/\/dp-freunde.de\/comm\/wp-json\/wp\/v2\/users\/6"}],"replies":[{"embeddable":true,"href":"https:\/\/dp-freunde.de\/comm\/wp-json\/wp\/v2\/comments?post=15308"}],"version-history":[{"count":1,"href":"https:\/\/dp-freunde.de\/comm\/wp-json\/wp\/v2\/posts\/15308\/revisions"}],"predecessor-version":[{"id":15309,"href":"https:\/\/dp-freunde.de\/comm\/wp-json\/wp\/v2\/posts\/15308\/revisions\/15309"}],"wp:attachment":[{"href":"https:\/\/dp-freunde.de\/comm\/wp-json\/wp\/v2\/media?parent=15308"}],"wp:term":[{"taxonomy":"category","embeddable":true,"href":"https:\/\/dp-freunde.de\/comm\/wp-json\/wp\/v2\/categories?post=15308"},{"taxonomy":"post_tag","embeddable":true,"href":"https:\/\/dp-freunde.de\/comm\/wp-json\/wp\/v2\/tags?post=15308"}],"curies":[{"name":"wp","href":"https:\/\/api.w.org\/{rel}","templated":true}]}}