{"id":7008,"date":"2020-12-13T20:52:59","date_gmt":"2020-12-13T19:52:59","guid":{"rendered":"https:\/\/dp-freunde.de\/comm\/?p=7008"},"modified":"2020-12-13T21:03:22","modified_gmt":"2020-12-13T20:03:22","slug":"aantikommunistisch-motivierte-verhaftungswelle-in-den-philippinen-solidarisiert-euch","status":"publish","type":"post","link":"https:\/\/dp-freunde.de\/comm\/2020\/12\/aantikommunistisch-motivierte-verhaftungswelle-in-den-philippinen-solidarisiert-euch\/","title":{"rendered":"Antikommunistisch motivierte Verhaftungswelle in den Philippinen &#8211; Solidarisiert euch"},"content":{"rendered":"<p>Heidelberg, Korrspondenz dpf<\/p>\n<p>Gestern erhielten die Deutsch-Philippinischen Freunde e.V. eine wichtige und alarmierende Nachricht des Generalsekret\u00e4rs des k\u00e4mpferischen Gewerkschaftsdachverbandes KMU f\u00fcr die Hauptstadtregion Manila, Ed Cubelo. Er informiert uns dar\u00fcber, dass am 10.12. morgens um 2 Uhr 7 Gewerkschafter, Gewerkschaftsf\u00fchrer und Arbeiterorganisatoren und Mitglieder internationaler Medien illegal verhaftet worden sind. Der Geheimdienst der Polizei, CIDG, intensiviert Polizeiaktionen gegen \u201ekriminelle Banden\u201c und rechtfertigt die Verhaftungen damit, dass sie bei allen Feuerwaffen und Munition gefunden habe. Es ist aber eine beliebte und immer wieder angewandte Methode des philippinischen Staatsterrorismus, Waffen zu platzieren, um solche Terrorma\u00dfnahmen zu rechtfertigen. Die Hausdurchsuchungen in den Wohnungen der 7 Verhafteten fanden zeitgleich in der Stadt Quezon, Manila und der Stadt Mandaluyong statt. Verhaftet wurden Mark Cruz, Romina Astudillo (stellvertretende Generalsekret\u00e4rin der KMU), Jaymie Gregorio (KMU-Organizer in Manila), Dennise Velasco (Organizerin von Defend Jobs in den Philippinen), Joel Demate (Organisator eines Gewerkschaftsb\u00fcndnisses), Rodrigo Esparago (Organisator eines Gewerkschaftsb\u00fcndnisses in der Stadt Quezon) und Lady Anne Salem (eine Journalistin der internationalen Medien).<\/p>\n<p><!--more--><\/p>\n<p>Diese Verhaftungswelle reiht sich ein in die versch\u00e4rfte Fortf\u00fchrung der antikommunistischen Verleumdungs- und Terrorkampagne des faschistoiden Duterte-Regimes, die in den letzten Wochen auch zur Ermordung mehrerer fortschrittlicher Menschen gef\u00fchrt hat. Vor kurzem fanden im Senat drei Anh\u00f6rungen zum sog. Red tagging (antikommunistische Hetze, Brandmarkung) statt, die sich als regelrechte Rechtfertigungsshow f\u00fcr diesen Terror entpuppten.<\/p>\n<p>Wir fordern zusammen mit den philippinischen Kollegen\/innen die sofortige Freilassung der sieben am Internationalen Menschenrechtstag (!!!) Verhafteten!<\/p>\n<p>Gewerkschafter\/innen sind keine Terroristen\/innen!<\/p>\n<p>Freilassung aller politischen H\u00e4ftlinge!<\/p>\n<p>Solidarit\u00e4tserkl\u00e4rungen und Spenden sind dringend notwendig und k\u00f6nnen \u00fcber die Deutsch-Philippinischen Freunde e.V. weitergeleitet werden: Deutsch-Philippinische Freunde e.V., K\u00f6lner Stra\u00dfe 355, 40227 D\u00fcsseldorf, IBAN DE38 30070024081550 00, email: &#x76;&#x6f;&#x72;&#x73;&#x74;&#97;&#110;&#100;&#64;dp-&#x66;&#x72;&#x65;&#x75;&#x6e;&#x64;&#101;&#46;&#100;e<\/p>\n","protected":false},"excerpt":{"rendered":"<p>Heidelberg, Korrspondenz dpf Gestern erhielten die Deutsch-Philippinischen Freunde e.V. eine wichtige und alarmierende Nachricht des Generalsekret\u00e4rs des k\u00e4mpferischen Gewerkschaftsdachverbandes KMU f\u00fcr die Hauptstadtregion Manila, Ed Cubelo. Er informiert uns dar\u00fcber, dass am 10.12. morgens um 2 Uhr 7 Gewerkschafter, Gewerkschaftsf\u00fchrer &hellip;<\/p>\n<p class=\"read-more\"> <a class=\"more-link\" href=\"https:\/\/dp-freunde.de\/comm\/2020\/12\/aantikommunistisch-motivierte-verhaftungswelle-in-den-philippinen-solidarisiert-euch\/\"> <span class=\"screen-reader-text\">Antikommunistisch motivierte Verhaftungswelle in den Philippinen &#8211; Solidarisiert euch<\/span> Weiterlesen &raquo;<\/a><\/p>\n","protected":false},"author":6,"featured_media":0,"comment_status":"closed","ping_status":"open","sticky":false,"template":"","format":"standard","meta":{"footnotes":""},"categories":[1],"tags":[],"class_list":["post-7008","post","type-post","status-publish","format-standard","hentry","category-allgemein"],"yoast_head":"<!-- This site is optimized with the Yoast SEO plugin v27.5 - https:\/\/yoast.com\/product\/yoast-seo-wordpress\/ -->\n<title>Antikommunistisch motivierte Verhaftungswelle in den Philippinen - Solidarisiert euch - Deutsch-Philippinische Freunde e.V.<\/title>\n<meta name=\"robots\" content=\"index, follow, max-snippet:-1, max-image-preview:large, max-video-preview:-1\" \/>\n<link rel=\"canonical\" href=\"https:\/\/dp-freunde.de\/comm\/2020\/12\/aantikommunistisch-motivierte-verhaftungswelle-in-den-philippinen-solidarisiert-euch\/\" \/>\n<meta property=\"og:locale\" content=\"de_DE\" \/>\n<meta property=\"og:type\" content=\"article\" \/>\n<meta property=\"og:title\" content=\"Antikommunistisch motivierte Verhaftungswelle in den Philippinen - Solidarisiert euch - Deutsch-Philippinische Freunde e.V.\" \/>\n<meta property=\"og:description\" content=\"Heidelberg, Korrspondenz dpf Gestern erhielten die Deutsch-Philippinischen Freunde e.V. eine wichtige und alarmierende Nachricht des Generalsekret\u00e4rs des k\u00e4mpferischen Gewerkschaftsdachverbandes KMU f\u00fcr die Hauptstadtregion Manila, Ed Cubelo. Er informiert uns dar\u00fcber, dass am 10.12. morgens um 2 Uhr 7 Gewerkschafter, Gewerkschaftsf\u00fchrer &hellip; Antikommunistisch motivierte Verhaftungswelle in den Philippinen &#8211; Solidarisiert euch Weiterlesen &raquo;\" \/>\n<meta property=\"og:url\" content=\"https:\/\/dp-freunde.de\/comm\/2020\/12\/aantikommunistisch-motivierte-verhaftungswelle-in-den-philippinen-solidarisiert-euch\/\" \/>\n<meta property=\"og:site_name\" content=\"Deutsch-Philippinische Freunde e.V.\" \/>\n<meta property=\"article:published_time\" content=\"2020-12-13T19:52:59+00:00\" \/>\n<meta property=\"article:modified_time\" content=\"2020-12-13T20:03:22+00:00\" \/>\n<meta name=\"author\" content=\"Webmaster1\" \/>\n<meta name=\"twitter:card\" content=\"summary_large_image\" \/>\n<meta name=\"twitter:label1\" content=\"Verfasst von\" \/>\n\t<meta name=\"twitter:data1\" content=\"Webmaster1\" \/>\n\t<meta name=\"twitter:label2\" content=\"Gesch\u00e4tzte Lesezeit\" \/>\n\t<meta name=\"twitter:data2\" content=\"1\u00a0Minute\" \/>\n<script type=\"application\/ld+json\" class=\"yoast-schema-graph\">{\"@context\":\"https:\\\/\\\/schema.org\",\"@graph\":[{\"@type\":\"Article\",\"@id\":\"https:\\\/\\\/dp-freunde.de\\\/comm\\\/2020\\\/12\\\/aantikommunistisch-motivierte-verhaftungswelle-in-den-philippinen-solidarisiert-euch\\\/#article\",\"isPartOf\":{\"@id\":\"https:\\\/\\\/dp-freunde.de\\\/comm\\\/2020\\\/12\\\/aantikommunistisch-motivierte-verhaftungswelle-in-den-philippinen-solidarisiert-euch\\\/\"},\"author\":{\"name\":\"Webmaster1\",\"@id\":\"https:\\\/\\\/dp-freunde.de\\\/comm\\\/#\\\/schema\\\/person\\\/5283843684813fd75a5e3d0675c1100f\"},\"headline\":\"Antikommunistisch motivierte Verhaftungswelle in den Philippinen &#8211; Solidarisiert euch\",\"datePublished\":\"2020-12-13T19:52:59+00:00\",\"dateModified\":\"2020-12-13T20:03:22+00:00\",\"mainEntityOfPage\":{\"@id\":\"https:\\\/\\\/dp-freunde.de\\\/comm\\\/2020\\\/12\\\/aantikommunistisch-motivierte-verhaftungswelle-in-den-philippinen-solidarisiert-euch\\\/\"},\"wordCount\":299,\"inLanguage\":\"de\"},{\"@type\":\"WebPage\",\"@id\":\"https:\\\/\\\/dp-freunde.de\\\/comm\\\/2020\\\/12\\\/aantikommunistisch-motivierte-verhaftungswelle-in-den-philippinen-solidarisiert-euch\\\/\",\"url\":\"https:\\\/\\\/dp-freunde.de\\\/comm\\\/2020\\\/12\\\/aantikommunistisch-motivierte-verhaftungswelle-in-den-philippinen-solidarisiert-euch\\\/\",\"name\":\"Antikommunistisch motivierte Verhaftungswelle in den Philippinen - Solidarisiert euch - Deutsch-Philippinische Freunde e.V.\",\"isPartOf\":{\"@id\":\"https:\\\/\\\/dp-freunde.de\\\/comm\\\/#website\"},\"datePublished\":\"2020-12-13T19:52:59+00:00\",\"dateModified\":\"2020-12-13T20:03:22+00:00\",\"author\":{\"@id\":\"https:\\\/\\\/dp-freunde.de\\\/comm\\\/#\\\/schema\\\/person\\\/5283843684813fd75a5e3d0675c1100f\"},\"breadcrumb\":{\"@id\":\"https:\\\/\\\/dp-freunde.de\\\/comm\\\/2020\\\/12\\\/aantikommunistisch-motivierte-verhaftungswelle-in-den-philippinen-solidarisiert-euch\\\/#breadcrumb\"},\"inLanguage\":\"de\",\"potentialAction\":[{\"@type\":\"ReadAction\",\"target\":[\"https:\\\/\\\/dp-freunde.de\\\/comm\\\/2020\\\/12\\\/aantikommunistisch-motivierte-verhaftungswelle-in-den-philippinen-solidarisiert-euch\\\/\"]}]},{\"@type\":\"BreadcrumbList\",\"@id\":\"https:\\\/\\\/dp-freunde.de\\\/comm\\\/2020\\\/12\\\/aantikommunistisch-motivierte-verhaftungswelle-in-den-philippinen-solidarisiert-euch\\\/#breadcrumb\",\"itemListElement\":[{\"@type\":\"ListItem\",\"position\":1,\"name\":\"Startseite\",\"item\":\"https:\\\/\\\/dp-freunde.de\\\/comm\\\/\"},{\"@type\":\"ListItem\",\"position\":2,\"name\":\"Antikommunistisch motivierte Verhaftungswelle in den Philippinen &#8211; Solidarisiert euch\"}]},{\"@type\":\"WebSite\",\"@id\":\"https:\\\/\\\/dp-freunde.de\\\/comm\\\/#website\",\"url\":\"https:\\\/\\\/dp-freunde.de\\\/comm\\\/\",\"name\":\"Deutsch-Philippinische Freunde e.V.\",\"description\":\"Solidarische Hilfe bei gegenseitigem Respekt auf Augenh\u00f6he\",\"potentialAction\":[{\"@type\":\"SearchAction\",\"target\":{\"@type\":\"EntryPoint\",\"urlTemplate\":\"https:\\\/\\\/dp-freunde.de\\\/comm\\\/?s={search_term_string}\"},\"query-input\":{\"@type\":\"PropertyValueSpecification\",\"valueRequired\":true,\"valueName\":\"search_term_string\"}}],\"inLanguage\":\"de\"},{\"@type\":\"Person\",\"@id\":\"https:\\\/\\\/dp-freunde.de\\\/comm\\\/#\\\/schema\\\/person\\\/5283843684813fd75a5e3d0675c1100f\",\"name\":\"Webmaster1\"}]}<\/script>\n<!-- \/ Yoast SEO plugin. -->","yoast_head_json":{"title":"Antikommunistisch motivierte Verhaftungswelle in den Philippinen - Solidarisiert euch - Deutsch-Philippinische Freunde e.V.","robots":{"index":"index","follow":"follow","max-snippet":"max-snippet:-1","max-image-preview":"max-image-preview:large","max-video-preview":"max-video-preview:-1"},"canonical":"https:\/\/dp-freunde.de\/comm\/2020\/12\/aantikommunistisch-motivierte-verhaftungswelle-in-den-philippinen-solidarisiert-euch\/","og_locale":"de_DE","og_type":"article","og_title":"Antikommunistisch motivierte Verhaftungswelle in den Philippinen - Solidarisiert euch - Deutsch-Philippinische Freunde e.V.","og_description":"Heidelberg, Korrspondenz dpf Gestern erhielten die Deutsch-Philippinischen Freunde e.V. eine wichtige und alarmierende Nachricht des Generalsekret\u00e4rs des k\u00e4mpferischen Gewerkschaftsdachverbandes KMU f\u00fcr die Hauptstadtregion Manila, Ed Cubelo. Er informiert uns dar\u00fcber, dass am 10.12. morgens um 2 Uhr 7 Gewerkschafter, Gewerkschaftsf\u00fchrer &hellip; Antikommunistisch motivierte Verhaftungswelle in den Philippinen &#8211; Solidarisiert euch Weiterlesen &raquo;","og_url":"https:\/\/dp-freunde.de\/comm\/2020\/12\/aantikommunistisch-motivierte-verhaftungswelle-in-den-philippinen-solidarisiert-euch\/","og_site_name":"Deutsch-Philippinische Freunde e.V.","article_published_time":"2020-12-13T19:52:59+00:00","article_modified_time":"2020-12-13T20:03:22+00:00","author":"Webmaster1","twitter_card":"summary_large_image","twitter_misc":{"Verfasst von":"Webmaster1","Gesch\u00e4tzte Lesezeit":"1\u00a0Minute"},"schema":{"@context":"https:\/\/schema.org","@graph":[{"@type":"Article","@id":"https:\/\/dp-freunde.de\/comm\/2020\/12\/aantikommunistisch-motivierte-verhaftungswelle-in-den-philippinen-solidarisiert-euch\/#article","isPartOf":{"@id":"https:\/\/dp-freunde.de\/comm\/2020\/12\/aantikommunistisch-motivierte-verhaftungswelle-in-den-philippinen-solidarisiert-euch\/"},"author":{"name":"Webmaster1","@id":"https:\/\/dp-freunde.de\/comm\/#\/schema\/person\/5283843684813fd75a5e3d0675c1100f"},"headline":"Antikommunistisch motivierte Verhaftungswelle in den Philippinen &#8211; Solidarisiert euch","datePublished":"2020-12-13T19:52:59+00:00","dateModified":"2020-12-13T20:03:22+00:00","mainEntityOfPage":{"@id":"https:\/\/dp-freunde.de\/comm\/2020\/12\/aantikommunistisch-motivierte-verhaftungswelle-in-den-philippinen-solidarisiert-euch\/"},"wordCount":299,"inLanguage":"de"},{"@type":"WebPage","@id":"https:\/\/dp-freunde.de\/comm\/2020\/12\/aantikommunistisch-motivierte-verhaftungswelle-in-den-philippinen-solidarisiert-euch\/","url":"https:\/\/dp-freunde.de\/comm\/2020\/12\/aantikommunistisch-motivierte-verhaftungswelle-in-den-philippinen-solidarisiert-euch\/","name":"Antikommunistisch motivierte Verhaftungswelle in den Philippinen - Solidarisiert euch - Deutsch-Philippinische Freunde e.V.","isPartOf":{"@id":"https:\/\/dp-freunde.de\/comm\/#website"},"datePublished":"2020-12-13T19:52:59+00:00","dateModified":"2020-12-13T20:03:22+00:00","author":{"@id":"https:\/\/dp-freunde.de\/comm\/#\/schema\/person\/5283843684813fd75a5e3d0675c1100f"},"breadcrumb":{"@id":"https:\/\/dp-freunde.de\/comm\/2020\/12\/aantikommunistisch-motivierte-verhaftungswelle-in-den-philippinen-solidarisiert-euch\/#breadcrumb"},"inLanguage":"de","potentialAction":[{"@type":"ReadAction","target":["https:\/\/dp-freunde.de\/comm\/2020\/12\/aantikommunistisch-motivierte-verhaftungswelle-in-den-philippinen-solidarisiert-euch\/"]}]},{"@type":"BreadcrumbList","@id":"https:\/\/dp-freunde.de\/comm\/2020\/12\/aantikommunistisch-motivierte-verhaftungswelle-in-den-philippinen-solidarisiert-euch\/#breadcrumb","itemListElement":[{"@type":"ListItem","position":1,"name":"Startseite","item":"https:\/\/dp-freunde.de\/comm\/"},{"@type":"ListItem","position":2,"name":"Antikommunistisch motivierte Verhaftungswelle in den Philippinen &#8211; Solidarisiert euch"}]},{"@type":"WebSite","@id":"https:\/\/dp-freunde.de\/comm\/#website","url":"https:\/\/dp-freunde.de\/comm\/","name":"Deutsch-Philippinische Freunde e.V.","description":"Solidarische Hilfe bei gegenseitigem Respekt auf Augenh\u00f6he","potentialAction":[{"@type":"SearchAction","target":{"@type":"EntryPoint","urlTemplate":"https:\/\/dp-freunde.de\/comm\/?s={search_term_string}"},"query-input":{"@type":"PropertyValueSpecification","valueRequired":true,"valueName":"search_term_string"}}],"inLanguage":"de"},{"@type":"Person","@id":"https:\/\/dp-freunde.de\/comm\/#\/schema\/person\/5283843684813fd75a5e3d0675c1100f","name":"Webmaster1"}]}},"_links":{"self":[{"href":"https:\/\/dp-freunde.de\/comm\/wp-json\/wp\/v2\/posts\/7008","targetHints":{"allow":["GET"]}}],"collection":[{"href":"https:\/\/dp-freunde.de\/comm\/wp-json\/wp\/v2\/posts"}],"about":[{"href":"https:\/\/dp-freunde.de\/comm\/wp-json\/wp\/v2\/types\/post"}],"author":[{"embeddable":true,"href":"https:\/\/dp-freunde.de\/comm\/wp-json\/wp\/v2\/users\/6"}],"replies":[{"embeddable":true,"href":"https:\/\/dp-freunde.de\/comm\/wp-json\/wp\/v2\/comments?post=7008"}],"version-history":[{"count":0,"href":"https:\/\/dp-freunde.de\/comm\/wp-json\/wp\/v2\/posts\/7008\/revisions"}],"wp:attachment":[{"href":"https:\/\/dp-freunde.de\/comm\/wp-json\/wp\/v2\/media?parent=7008"}],"wp:term":[{"taxonomy":"category","embeddable":true,"href":"https:\/\/dp-freunde.de\/comm\/wp-json\/wp\/v2\/categories?post=7008"},{"taxonomy":"post_tag","embeddable":true,"href":"https:\/\/dp-freunde.de\/comm\/wp-json\/wp\/v2\/tags?post=7008"}],"curies":[{"name":"wp","href":"https:\/\/api.w.org\/{rel}","templated":true}]}}