{"id":865,"date":"2009-11-27T22:31:33","date_gmt":"2009-11-27T21:31:33","guid":{"rendered":"http:\/\/dp-freunde.de\/comm\/?p=865"},"modified":"2009-12-07T20:26:46","modified_gmt":"2009-12-07T19:26:46","slug":"protest-resolution-an-die-stadt-bitterfeld-wolfen","status":"publish","type":"post","link":"https:\/\/dp-freunde.de\/comm\/2009\/11\/protest-resolution-an-die-stadt-bitterfeld-wolfen\/","title":{"rendered":"Protest-Resolution an die Stadt Bitterfeld-Wolfen"},"content":{"rendered":"<p align=\"justify\"><span style=\"font-family: Arial,sans-serif;\"><span style=\"font-size: medium;\"><strong>Deutsch-Philippinische Freunde e.V.<\/strong><\/span><\/span><\/p>\n<p align=\"justify\"><span style=\"font-family: Arial,sans-serif;\"><span style=\"font-size: small;\"><strong>An<\/strong><\/span><\/span><\/p>\n<p align=\"justify\"><span style=\"font-family: Arial,sans-serif;\"><span style=\"font-size: small;\"><strong>Frau Ina Korntreff, Stadtr\u00e4tin in Bitterfeld-Wolfen<\/strong><\/span><\/span><\/p>\n<p align=\"justify\"><span style=\"font-family: Arial,sans-serif;\"><span style=\"font-size: small;\"><strong>Frau Petra Wust, Oberb\u00fcrgermeisterin der Stadt Bitterfeld-Wolfen<\/strong><\/span><\/span><\/p>\n<p align=\"justify\"><span style=\"font-family: Arial,sans-serif;\"><span style=\"font-size: small;\"><strong>Herrn Holger H\u00f6velmann, Innenminister des Landes Sachsen-Anhalt<\/strong><\/span><\/span><\/p>\n<p align=\"right\"><span style=\"font-family: Arial,sans-serif;\"><span style=\"font-size: small;\">Solingen, 14. November 2009<\/span><\/span><\/p>\n<p align=\"justify\"><span style=\"font-family: Arial,sans-serif;\"><span style=\"font-size: small;\">Liebe Frau Korntreff,<\/span><\/span><\/p>\n<p align=\"justify\"><span style=\"font-family: Times New Roman,serif;\"><span style=\"font-size: small;\">sehr geehrte Frau Oberb\u00fcrgermeisterin Wust, sehr geehrter Herr Minister H\u00f6velmann, <span style=\"font-family: Arial,sans-serif;\"><span style=\"font-size: small;\">die Deutsch-Philippinischen Freunde e.V. sind seit 13 Jahren engagiert gegen faschistische Aktivit\u00e4ten in Deutschland, aber auch gegen faschistische Killerkommandos in den Philippinen.<\/span><\/span><\/span><\/span><\/p>\n<p align=\"justify\"><span style=\"font-family: Times New Roman,serif;\"><span style=\"font-size: small;\"><span style=\"font-family: Arial,sans-serif;\"><span style=\"font-size: small;\">Seit Amtsantritt von Frau Arroyo sind inzwischen \u00fcber 1.000 oppositionelle Priester, Rechtsanw\u00e4lte, \u00c4rzte, Arbeiterinnen und Arbeiter, Bauern von paramilit\u00e4rischen Killern ermordet worden. Zahlreiche Menschen sind verschwunden.<\/span><\/span><\/span><\/span><\/p>\n<p align=\"justify\"><!--more--><\/p>\n<p align=\"justify\"><span style=\"font-family: Times New Roman,serif;\"><span style=\"font-size: small;\"><span style=\"font-family: Arial,sans-serif;\"><span style=\"font-size: small;\">Wir h\u00f6ren nun, dass die Polizei in Bitterfeld-Wolfen gegen Frau Korntreff als Anmelderin einer antifaschistischen Demonstration eine mehrt\u00e4gige Vorbeugehaft androhte <\/span><\/span><span style=\"font-family: Arial,sans-serif;\"><span style=\"font-size: small;\"><em>wegen \u201eSt\u00f6rungen der \u00f6ffentlichen Sicherheit und Ordnung in der Vergangenheit\u201c<\/em><\/span><\/span><span style=\"font-family: Arial,sans-serif;\"><span style=\"font-size: small;\"> und das f\u00fcr <\/span><\/span><span style=\"font-family: Arial,sans-serif;\"><span style=\"font-size: small;\"><em>\u201ealle zuk\u00fcnftigen Ereignisse\u201c.<\/em><\/span><\/span><span style=\"font-family: Arial,sans-serif;\"><span style=\"font-size: small;\"> Inzwischen deutet alles darauf hin, dass die Polizei auf Veranlassung der Neonazis so handelt. <\/span><\/span><\/span><\/span><\/p>\n<p align=\"justify\"><span style=\"font-family: Times New Roman,serif;\"><span style=\"font-size: small;\"><span style=\"font-family: Arial,sans-serif;\"><span style=\"font-size: small;\">Solches Zusammenwirken von Faschisten und Polizei werden wir nicht hinnehmen, weder in den Philippinen noch in Deutschland.<\/span><\/span><\/span><\/span><\/p>\n<p align=\"justify\"><span style=\"font-family: Times New Roman,serif;\"><span style=\"font-size: small;\"><span style=\"font-family: Arial,sans-serif;\"><span style=\"font-size: small;\">Tatsache ist, dass das Grundgesetz das Verbot faschistischer Organisationen beinhaltet.<\/span><\/span><\/span><\/span><\/p>\n<p align=\"justify\"><span style=\"font-family: Arial,sans-serif;\"><span style=\"font-size: small;\">Tatsache ist, dass faschistische T\u00e4ter in Deutschland seit 1990 mindestens \u00fcber 130 Morde begangen haben.<\/span><\/span><\/p>\n<p>Es ist eine Ungeheuerlichkeit, wie die Polizei in Bitterfeld-Wolfen gegen Frau Ina Korntreff vorgeht.<\/p>\n<p><strong>Wir fordern die Verantwortlichen in Polizei und den verantwortlichen Beh\u00f6rden auf, zur\u00fcck zu treten und sich bei Frau Korntreff als mutiger Antifaschistin, die selbst schon Opfer von Brandanschl\u00e4gen war, zu entschuldigen.<\/strong><\/p>\n<p align=\"justify\"><span style=\"font-family: Arial,sans-serif;\"><span style=\"font-size: small;\"><strong>Verbot aller faschistischen Organisationen sofort!<\/strong><\/span><\/span><\/p>\n<p align=\"justify\"><span style=\"font-family: Arial,sans-serif;\"><span style=\"font-size: small;\">Einstimmig verabschiedet auf der Jahresmitgliederversammlung der Deutsch-Philippinischen Freunde e.V. am 14.11.09 in Solingen<\/span><\/span><\/p>\n<p align=\"justify\"><span style=\"font-family: Arial,sans-serif;\"><span style=\"font-size: small;\">i.A. des Vorstands<\/span><\/span><\/p>\n<p align=\"justify\"><span style=\"font-family: Arial,sans-serif;\"><span style=\"font-size: small;\">Dagmar Eberhard<\/span><\/span><\/p>\n<p align=\"justify\"><span style=\"font-family: Arial,sans-serif;\"><span style=\"font-size: small;\">DPF e.V.<br \/><\/span><\/span><\/p>\n<p align=\"justify\"><span style=\"font-family: Arial,sans-serif;\"><span style=\"font-size: small;\">Karlstr. 35<\/span><\/span><\/p>\n<p align=\"justify\"><span style=\"font-family: Arial,sans-serif;\"><span style=\"font-size: small;\">40764 Langenfeld<\/span><\/span><\/p>\n<p align=\"justify\"><span style=\"font-family: Times New Roman,serif;\"><span style=\"font-size: small;\"><span style=\"font-family: Arial,sans-serif;\"><span style=\"font-size: small;\">email: <\/span><\/span><span style=\"color: #0000ff;\"><span style=\"text-decoration: underline;\"><a href=\"&#x6d;&#x61;&#x69;&#x6c;&#x74;&#x6f;&#x3a;&#x76;&#x6f;&#x72;&#x73;&#116;&#97;&#110;&#100;&#64;&#100;&#112;-freun&#x64;&#x65;&#x2e;&#x64;&#x65;\"><span style=\"color: #000000;\"><span style=\"font-family: Arial,sans-serif;\"><span style=\"font-size: small;\">vo&#114;&#115;&#116;&#x61;&#x6e;&#x64;&#x40;&#x64;p-&#102;&#114;&#101;&#x75;&#x6e;&#x64;&#x65;&#x2e;de, Tel:02173-18266<\/span><\/span><\/span><\/a><\/span><\/span><\/span><\/span><\/p>\n","protected":false},"excerpt":{"rendered":"<p>Deutsch-Philippinische Freunde e.V. An Frau Ina Korntreff, Stadtr\u00e4tin in Bitterfeld-Wolfen Frau Petra Wust, Oberb\u00fcrgermeisterin der Stadt Bitterfeld-Wolfen Herrn Holger H\u00f6velmann, Innenminister des Landes Sachsen-Anhalt Solingen, 14. November 2009 Liebe Frau Korntreff, sehr geehrte Frau Oberb\u00fcrgermeisterin Wust, sehr geehrter Herr Minister &hellip;<\/p>\n<p class=\"read-more\"> <a class=\"more-link\" href=\"https:\/\/dp-freunde.de\/comm\/2009\/11\/protest-resolution-an-die-stadt-bitterfeld-wolfen\/\"> <span class=\"screen-reader-text\">Protest-Resolution an die Stadt Bitterfeld-Wolfen<\/span> Weiterlesen &raquo;<\/a><\/p>\n","protected":false},"author":6,"featured_media":0,"comment_status":"closed","ping_status":"closed","sticky":false,"template":"","format":"standard","meta":{"footnotes":""},"categories":[1],"tags":[],"class_list":["post-865","post","type-post","status-publish","format-standard","hentry","category-allgemein"],"yoast_head":"<!-- This site is optimized with the Yoast SEO plugin v27.5 - https:\/\/yoast.com\/product\/yoast-seo-wordpress\/ -->\n<title>Protest-Resolution an die Stadt Bitterfeld-Wolfen - Deutsch-Philippinische Freunde e.V.<\/title>\n<meta name=\"robots\" content=\"index, follow, max-snippet:-1, max-image-preview:large, max-video-preview:-1\" \/>\n<link rel=\"canonical\" href=\"https:\/\/dp-freunde.de\/comm\/2009\/11\/protest-resolution-an-die-stadt-bitterfeld-wolfen\/\" \/>\n<meta property=\"og:locale\" content=\"de_DE\" \/>\n<meta property=\"og:type\" content=\"article\" \/>\n<meta property=\"og:title\" content=\"Protest-Resolution an die Stadt Bitterfeld-Wolfen - Deutsch-Philippinische Freunde e.V.\" \/>\n<meta property=\"og:description\" content=\"Deutsch-Philippinische Freunde e.V. An Frau Ina Korntreff, Stadtr\u00e4tin in Bitterfeld-Wolfen Frau Petra Wust, Oberb\u00fcrgermeisterin der Stadt Bitterfeld-Wolfen Herrn Holger H\u00f6velmann, Innenminister des Landes Sachsen-Anhalt Solingen, 14. November 2009 Liebe Frau Korntreff, sehr geehrte Frau Oberb\u00fcrgermeisterin Wust, sehr geehrter Herr Minister &hellip; Protest-Resolution an die Stadt Bitterfeld-Wolfen Weiterlesen &raquo;\" \/>\n<meta property=\"og:url\" content=\"https:\/\/dp-freunde.de\/comm\/2009\/11\/protest-resolution-an-die-stadt-bitterfeld-wolfen\/\" \/>\n<meta property=\"og:site_name\" content=\"Deutsch-Philippinische Freunde e.V.\" \/>\n<meta property=\"article:published_time\" content=\"2009-11-27T21:31:33+00:00\" \/>\n<meta property=\"article:modified_time\" content=\"2009-12-07T19:26:46+00:00\" \/>\n<meta name=\"author\" content=\"Webmaster1\" \/>\n<meta name=\"twitter:card\" content=\"summary_large_image\" \/>\n<meta name=\"twitter:label1\" content=\"Verfasst von\" \/>\n\t<meta name=\"twitter:data1\" content=\"Webmaster1\" \/>\n\t<meta name=\"twitter:label2\" content=\"Gesch\u00e4tzte Lesezeit\" \/>\n\t<meta name=\"twitter:data2\" content=\"1\u00a0Minute\" \/>\n<script type=\"application\/ld+json\" class=\"yoast-schema-graph\">{\"@context\":\"https:\\\/\\\/schema.org\",\"@graph\":[{\"@type\":\"Article\",\"@id\":\"https:\\\/\\\/dp-freunde.de\\\/comm\\\/2009\\\/11\\\/protest-resolution-an-die-stadt-bitterfeld-wolfen\\\/#article\",\"isPartOf\":{\"@id\":\"https:\\\/\\\/dp-freunde.de\\\/comm\\\/2009\\\/11\\\/protest-resolution-an-die-stadt-bitterfeld-wolfen\\\/\"},\"author\":{\"name\":\"Webmaster1\",\"@id\":\"https:\\\/\\\/dp-freunde.de\\\/comm\\\/#\\\/schema\\\/person\\\/5283843684813fd75a5e3d0675c1100f\"},\"headline\":\"Protest-Resolution an die Stadt Bitterfeld-Wolfen\",\"datePublished\":\"2009-11-27T21:31:33+00:00\",\"dateModified\":\"2009-12-07T19:26:46+00:00\",\"mainEntityOfPage\":{\"@id\":\"https:\\\/\\\/dp-freunde.de\\\/comm\\\/2009\\\/11\\\/protest-resolution-an-die-stadt-bitterfeld-wolfen\\\/\"},\"wordCount\":279,\"inLanguage\":\"de\"},{\"@type\":\"WebPage\",\"@id\":\"https:\\\/\\\/dp-freunde.de\\\/comm\\\/2009\\\/11\\\/protest-resolution-an-die-stadt-bitterfeld-wolfen\\\/\",\"url\":\"https:\\\/\\\/dp-freunde.de\\\/comm\\\/2009\\\/11\\\/protest-resolution-an-die-stadt-bitterfeld-wolfen\\\/\",\"name\":\"Protest-Resolution an die Stadt Bitterfeld-Wolfen - Deutsch-Philippinische Freunde e.V.\",\"isPartOf\":{\"@id\":\"https:\\\/\\\/dp-freunde.de\\\/comm\\\/#website\"},\"datePublished\":\"2009-11-27T21:31:33+00:00\",\"dateModified\":\"2009-12-07T19:26:46+00:00\",\"author\":{\"@id\":\"https:\\\/\\\/dp-freunde.de\\\/comm\\\/#\\\/schema\\\/person\\\/5283843684813fd75a5e3d0675c1100f\"},\"breadcrumb\":{\"@id\":\"https:\\\/\\\/dp-freunde.de\\\/comm\\\/2009\\\/11\\\/protest-resolution-an-die-stadt-bitterfeld-wolfen\\\/#breadcrumb\"},\"inLanguage\":\"de\",\"potentialAction\":[{\"@type\":\"ReadAction\",\"target\":[\"https:\\\/\\\/dp-freunde.de\\\/comm\\\/2009\\\/11\\\/protest-resolution-an-die-stadt-bitterfeld-wolfen\\\/\"]}]},{\"@type\":\"BreadcrumbList\",\"@id\":\"https:\\\/\\\/dp-freunde.de\\\/comm\\\/2009\\\/11\\\/protest-resolution-an-die-stadt-bitterfeld-wolfen\\\/#breadcrumb\",\"itemListElement\":[{\"@type\":\"ListItem\",\"position\":1,\"name\":\"Startseite\",\"item\":\"https:\\\/\\\/dp-freunde.de\\\/comm\\\/\"},{\"@type\":\"ListItem\",\"position\":2,\"name\":\"Protest-Resolution an die Stadt Bitterfeld-Wolfen\"}]},{\"@type\":\"WebSite\",\"@id\":\"https:\\\/\\\/dp-freunde.de\\\/comm\\\/#website\",\"url\":\"https:\\\/\\\/dp-freunde.de\\\/comm\\\/\",\"name\":\"Deutsch-Philippinische Freunde e.V.\",\"description\":\"Solidarische Hilfe bei gegenseitigem Respekt auf Augenh\u00f6he\",\"potentialAction\":[{\"@type\":\"SearchAction\",\"target\":{\"@type\":\"EntryPoint\",\"urlTemplate\":\"https:\\\/\\\/dp-freunde.de\\\/comm\\\/?s={search_term_string}\"},\"query-input\":{\"@type\":\"PropertyValueSpecification\",\"valueRequired\":true,\"valueName\":\"search_term_string\"}}],\"inLanguage\":\"de\"},{\"@type\":\"Person\",\"@id\":\"https:\\\/\\\/dp-freunde.de\\\/comm\\\/#\\\/schema\\\/person\\\/5283843684813fd75a5e3d0675c1100f\",\"name\":\"Webmaster1\"}]}<\/script>\n<!-- \/ Yoast SEO plugin. -->","yoast_head_json":{"title":"Protest-Resolution an die Stadt Bitterfeld-Wolfen - Deutsch-Philippinische Freunde e.V.","robots":{"index":"index","follow":"follow","max-snippet":"max-snippet:-1","max-image-preview":"max-image-preview:large","max-video-preview":"max-video-preview:-1"},"canonical":"https:\/\/dp-freunde.de\/comm\/2009\/11\/protest-resolution-an-die-stadt-bitterfeld-wolfen\/","og_locale":"de_DE","og_type":"article","og_title":"Protest-Resolution an die Stadt Bitterfeld-Wolfen - Deutsch-Philippinische Freunde e.V.","og_description":"Deutsch-Philippinische Freunde e.V. An Frau Ina Korntreff, Stadtr\u00e4tin in Bitterfeld-Wolfen Frau Petra Wust, Oberb\u00fcrgermeisterin der Stadt Bitterfeld-Wolfen Herrn Holger H\u00f6velmann, Innenminister des Landes Sachsen-Anhalt Solingen, 14. November 2009 Liebe Frau Korntreff, sehr geehrte Frau Oberb\u00fcrgermeisterin Wust, sehr geehrter Herr Minister &hellip; Protest-Resolution an die Stadt Bitterfeld-Wolfen Weiterlesen &raquo;","og_url":"https:\/\/dp-freunde.de\/comm\/2009\/11\/protest-resolution-an-die-stadt-bitterfeld-wolfen\/","og_site_name":"Deutsch-Philippinische Freunde e.V.","article_published_time":"2009-11-27T21:31:33+00:00","article_modified_time":"2009-12-07T19:26:46+00:00","author":"Webmaster1","twitter_card":"summary_large_image","twitter_misc":{"Verfasst von":"Webmaster1","Gesch\u00e4tzte Lesezeit":"1\u00a0Minute"},"schema":{"@context":"https:\/\/schema.org","@graph":[{"@type":"Article","@id":"https:\/\/dp-freunde.de\/comm\/2009\/11\/protest-resolution-an-die-stadt-bitterfeld-wolfen\/#article","isPartOf":{"@id":"https:\/\/dp-freunde.de\/comm\/2009\/11\/protest-resolution-an-die-stadt-bitterfeld-wolfen\/"},"author":{"name":"Webmaster1","@id":"https:\/\/dp-freunde.de\/comm\/#\/schema\/person\/5283843684813fd75a5e3d0675c1100f"},"headline":"Protest-Resolution an die Stadt Bitterfeld-Wolfen","datePublished":"2009-11-27T21:31:33+00:00","dateModified":"2009-12-07T19:26:46+00:00","mainEntityOfPage":{"@id":"https:\/\/dp-freunde.de\/comm\/2009\/11\/protest-resolution-an-die-stadt-bitterfeld-wolfen\/"},"wordCount":279,"inLanguage":"de"},{"@type":"WebPage","@id":"https:\/\/dp-freunde.de\/comm\/2009\/11\/protest-resolution-an-die-stadt-bitterfeld-wolfen\/","url":"https:\/\/dp-freunde.de\/comm\/2009\/11\/protest-resolution-an-die-stadt-bitterfeld-wolfen\/","name":"Protest-Resolution an die Stadt Bitterfeld-Wolfen - Deutsch-Philippinische Freunde e.V.","isPartOf":{"@id":"https:\/\/dp-freunde.de\/comm\/#website"},"datePublished":"2009-11-27T21:31:33+00:00","dateModified":"2009-12-07T19:26:46+00:00","author":{"@id":"https:\/\/dp-freunde.de\/comm\/#\/schema\/person\/5283843684813fd75a5e3d0675c1100f"},"breadcrumb":{"@id":"https:\/\/dp-freunde.de\/comm\/2009\/11\/protest-resolution-an-die-stadt-bitterfeld-wolfen\/#breadcrumb"},"inLanguage":"de","potentialAction":[{"@type":"ReadAction","target":["https:\/\/dp-freunde.de\/comm\/2009\/11\/protest-resolution-an-die-stadt-bitterfeld-wolfen\/"]}]},{"@type":"BreadcrumbList","@id":"https:\/\/dp-freunde.de\/comm\/2009\/11\/protest-resolution-an-die-stadt-bitterfeld-wolfen\/#breadcrumb","itemListElement":[{"@type":"ListItem","position":1,"name":"Startseite","item":"https:\/\/dp-freunde.de\/comm\/"},{"@type":"ListItem","position":2,"name":"Protest-Resolution an die Stadt Bitterfeld-Wolfen"}]},{"@type":"WebSite","@id":"https:\/\/dp-freunde.de\/comm\/#website","url":"https:\/\/dp-freunde.de\/comm\/","name":"Deutsch-Philippinische Freunde e.V.","description":"Solidarische Hilfe bei gegenseitigem Respekt auf Augenh\u00f6he","potentialAction":[{"@type":"SearchAction","target":{"@type":"EntryPoint","urlTemplate":"https:\/\/dp-freunde.de\/comm\/?s={search_term_string}"},"query-input":{"@type":"PropertyValueSpecification","valueRequired":true,"valueName":"search_term_string"}}],"inLanguage":"de"},{"@type":"Person","@id":"https:\/\/dp-freunde.de\/comm\/#\/schema\/person\/5283843684813fd75a5e3d0675c1100f","name":"Webmaster1"}]}},"_links":{"self":[{"href":"https:\/\/dp-freunde.de\/comm\/wp-json\/wp\/v2\/posts\/865","targetHints":{"allow":["GET"]}}],"collection":[{"href":"https:\/\/dp-freunde.de\/comm\/wp-json\/wp\/v2\/posts"}],"about":[{"href":"https:\/\/dp-freunde.de\/comm\/wp-json\/wp\/v2\/types\/post"}],"author":[{"embeddable":true,"href":"https:\/\/dp-freunde.de\/comm\/wp-json\/wp\/v2\/users\/6"}],"replies":[{"embeddable":true,"href":"https:\/\/dp-freunde.de\/comm\/wp-json\/wp\/v2\/comments?post=865"}],"version-history":[{"count":0,"href":"https:\/\/dp-freunde.de\/comm\/wp-json\/wp\/v2\/posts\/865\/revisions"}],"wp:attachment":[{"href":"https:\/\/dp-freunde.de\/comm\/wp-json\/wp\/v2\/media?parent=865"}],"wp:term":[{"taxonomy":"category","embeddable":true,"href":"https:\/\/dp-freunde.de\/comm\/wp-json\/wp\/v2\/categories?post=865"},{"taxonomy":"post_tag","embeddable":true,"href":"https:\/\/dp-freunde.de\/comm\/wp-json\/wp\/v2\/tags?post=865"}],"curies":[{"name":"wp","href":"https:\/\/api.w.org\/{rel}","templated":true}]}}