{"id":8967,"date":"2022-08-17T21:50:00","date_gmt":"2022-08-17T19:50:00","guid":{"rendered":"https:\/\/dp-freunde.de\/comm\/?p=8967"},"modified":"2022-08-19T21:52:11","modified_gmt":"2022-08-19T19:52:11","slug":"nachdenkseiten-rainer-werning-die-philippinen-im-sommer-2022-oder-aufbruch-in-die-vergangenheit","status":"publish","type":"post","link":"https:\/\/dp-freunde.de\/comm\/2022\/08\/nachdenkseiten-rainer-werning-die-philippinen-im-sommer-2022-oder-aufbruch-in-die-vergangenheit\/","title":{"rendered":"NachDenkSeiten &#8211; Rainer Werning &#8211; Die Philippinen im Sommer 2022 oder Aufbruch in die Vergangenheit"},"content":{"rendered":"\n<p>Der 64-j\u00e4hrige Diktatorensohn Ferdinand Marcos Junior \u2013 von seinen Anh\u00e4ngern kurz \u201eBongbong\u201c oder noch k\u00fcrzer \u201eBBM\u201c genannt \u2013 wurde am 30. Juni als 17. philippinischer Pr\u00e4sident vereidigt. Und das ausgerechnet im Nationalmuseum der Metropole Manila, einem neoklassizistischen Bau, der 1921 von den damaligen US-amerikanischen Kolonialherren errichtet wurde und bis 1972 als Kongressgeb\u00e4ude diente. Dort lie\u00df sein Vater nach jeweils erfolgter <em>Rede an die Nation<\/em> Anfang 1970 und 1971 massenhafte Proteste gegen sein Regime brutal niederkn\u00fcppeln. Im Zuge dieser Gewaltorgie fanden auch mehrere Studenten den Tod. Was ein Fanal setzte und die Bewegung des historischen <em>\u201eFirst Quarter Storm\u201c (\u201eVierteljahresturm\u201c)<\/em> [<a href=\"https:\/\/www.nachdenkseiten.de\/?p=86991#foot_1\">1<\/a>] entfachte. Ein Jahr sp\u00e4ter rief Marcos Senior (1965-86) landesweit das Kriegsrecht aus, das de jure bis Anfang 1981, faktisch indes bis zu seinem Sturz Ende Februar 1986 w\u00e4hrte. 36 Jahre sp\u00e4ter f\u00fchrt dessen einziger Sohn das v\u00e4terliche Erbe fort. Ein R\u00fcck- und Ausblick von <strong>Rainer Werning<\/strong>.<\/p>\n\n\n\n<p>Weiterlesen hier:<\/p>\n\n\n\n<p><a href=\"https:\/\/www.nachdenkseiten.de\/?p=86991\">https:\/\/www.nachdenkseiten.de\/?p=86991<\/a><\/p>\n","protected":false},"excerpt":{"rendered":"<p>Der 64-j\u00e4hrige Diktatorensohn Ferdinand Marcos Junior \u2013 von seinen Anh\u00e4ngern kurz \u201eBongbong\u201c oder noch k\u00fcrzer \u201eBBM\u201c genannt \u2013 wurde am 30. Juni als 17. philippinischer Pr\u00e4sident vereidigt. Und das ausgerechnet im Nationalmuseum der Metropole Manila, einem neoklassizistischen Bau, der 1921 &hellip;<\/p>\n<p class=\"read-more\"> <a class=\"more-link\" href=\"https:\/\/dp-freunde.de\/comm\/2022\/08\/nachdenkseiten-rainer-werning-die-philippinen-im-sommer-2022-oder-aufbruch-in-die-vergangenheit\/\"> <span class=\"screen-reader-text\">NachDenkSeiten &#8211; Rainer Werning &#8211; Die Philippinen im Sommer 2022 oder Aufbruch in die Vergangenheit<\/span> Weiterlesen &raquo;<\/a><\/p>\n","protected":false},"author":6,"featured_media":0,"comment_status":"closed","ping_status":"open","sticky":false,"template":"","format":"standard","meta":{"footnotes":""},"categories":[41,46],"tags":[],"class_list":["post-8967","post","type-post","status-publish","format-standard","hentry","category-autor-rainer-werning","category-philippinen"],"yoast_head":"<!-- This site is optimized with the Yoast SEO plugin v27.5 - https:\/\/yoast.com\/product\/yoast-seo-wordpress\/ -->\n<title>NachDenkSeiten - Rainer Werning - Die Philippinen im Sommer 2022 oder Aufbruch in die Vergangenheit - Deutsch-Philippinische Freunde e.V.<\/title>\n<meta name=\"robots\" content=\"index, follow, max-snippet:-1, max-image-preview:large, max-video-preview:-1\" \/>\n<link rel=\"canonical\" href=\"https:\/\/dp-freunde.de\/comm\/2022\/08\/nachdenkseiten-rainer-werning-die-philippinen-im-sommer-2022-oder-aufbruch-in-die-vergangenheit\/\" \/>\n<meta property=\"og:locale\" content=\"de_DE\" \/>\n<meta property=\"og:type\" content=\"article\" \/>\n<meta property=\"og:title\" content=\"NachDenkSeiten - Rainer Werning - Die Philippinen im Sommer 2022 oder Aufbruch in die Vergangenheit - Deutsch-Philippinische Freunde e.V.\" \/>\n<meta property=\"og:description\" content=\"Der 64-j\u00e4hrige Diktatorensohn Ferdinand Marcos Junior \u2013 von seinen Anh\u00e4ngern kurz \u201eBongbong\u201c oder noch k\u00fcrzer \u201eBBM\u201c genannt \u2013 wurde am 30. Juni als 17. philippinischer Pr\u00e4sident vereidigt. Und das ausgerechnet im Nationalmuseum der Metropole Manila, einem neoklassizistischen Bau, der 1921 &hellip; NachDenkSeiten &#8211; Rainer Werning &#8211; Die Philippinen im Sommer 2022 oder Aufbruch in die Vergangenheit Weiterlesen &raquo;\" \/>\n<meta property=\"og:url\" content=\"https:\/\/dp-freunde.de\/comm\/2022\/08\/nachdenkseiten-rainer-werning-die-philippinen-im-sommer-2022-oder-aufbruch-in-die-vergangenheit\/\" \/>\n<meta property=\"og:site_name\" content=\"Deutsch-Philippinische Freunde e.V.\" \/>\n<meta property=\"article:published_time\" content=\"2022-08-17T19:50:00+00:00\" \/>\n<meta property=\"article:modified_time\" content=\"2022-08-19T19:52:11+00:00\" \/>\n<meta name=\"author\" content=\"Webmaster1\" \/>\n<meta name=\"twitter:card\" content=\"summary_large_image\" \/>\n<meta name=\"twitter:label1\" content=\"Verfasst von\" \/>\n\t<meta name=\"twitter:data1\" content=\"Webmaster1\" \/>\n\t<meta name=\"twitter:label2\" content=\"Gesch\u00e4tzte Lesezeit\" \/>\n\t<meta name=\"twitter:data2\" content=\"1\u00a0Minute\" \/>\n<script type=\"application\/ld+json\" class=\"yoast-schema-graph\">{\"@context\":\"https:\\\/\\\/schema.org\",\"@graph\":[{\"@type\":\"Article\",\"@id\":\"https:\\\/\\\/dp-freunde.de\\\/comm\\\/2022\\\/08\\\/nachdenkseiten-rainer-werning-die-philippinen-im-sommer-2022-oder-aufbruch-in-die-vergangenheit\\\/#article\",\"isPartOf\":{\"@id\":\"https:\\\/\\\/dp-freunde.de\\\/comm\\\/2022\\\/08\\\/nachdenkseiten-rainer-werning-die-philippinen-im-sommer-2022-oder-aufbruch-in-die-vergangenheit\\\/\"},\"author\":{\"name\":\"Webmaster1\",\"@id\":\"https:\\\/\\\/dp-freunde.de\\\/comm\\\/#\\\/schema\\\/person\\\/5283843684813fd75a5e3d0675c1100f\"},\"headline\":\"NachDenkSeiten &#8211; Rainer Werning &#8211; Die Philippinen im Sommer 2022 oder Aufbruch in die Vergangenheit\",\"datePublished\":\"2022-08-17T19:50:00+00:00\",\"dateModified\":\"2022-08-19T19:52:11+00:00\",\"mainEntityOfPage\":{\"@id\":\"https:\\\/\\\/dp-freunde.de\\\/comm\\\/2022\\\/08\\\/nachdenkseiten-rainer-werning-die-philippinen-im-sommer-2022-oder-aufbruch-in-die-vergangenheit\\\/\"},\"wordCount\":166,\"articleSection\":[\"Autor Rainer Werning\",\"Philippinen\"],\"inLanguage\":\"de\"},{\"@type\":\"WebPage\",\"@id\":\"https:\\\/\\\/dp-freunde.de\\\/comm\\\/2022\\\/08\\\/nachdenkseiten-rainer-werning-die-philippinen-im-sommer-2022-oder-aufbruch-in-die-vergangenheit\\\/\",\"url\":\"https:\\\/\\\/dp-freunde.de\\\/comm\\\/2022\\\/08\\\/nachdenkseiten-rainer-werning-die-philippinen-im-sommer-2022-oder-aufbruch-in-die-vergangenheit\\\/\",\"name\":\"NachDenkSeiten - Rainer Werning - Die Philippinen im Sommer 2022 oder Aufbruch in die Vergangenheit - Deutsch-Philippinische Freunde e.V.\",\"isPartOf\":{\"@id\":\"https:\\\/\\\/dp-freunde.de\\\/comm\\\/#website\"},\"datePublished\":\"2022-08-17T19:50:00+00:00\",\"dateModified\":\"2022-08-19T19:52:11+00:00\",\"author\":{\"@id\":\"https:\\\/\\\/dp-freunde.de\\\/comm\\\/#\\\/schema\\\/person\\\/5283843684813fd75a5e3d0675c1100f\"},\"breadcrumb\":{\"@id\":\"https:\\\/\\\/dp-freunde.de\\\/comm\\\/2022\\\/08\\\/nachdenkseiten-rainer-werning-die-philippinen-im-sommer-2022-oder-aufbruch-in-die-vergangenheit\\\/#breadcrumb\"},\"inLanguage\":\"de\",\"potentialAction\":[{\"@type\":\"ReadAction\",\"target\":[\"https:\\\/\\\/dp-freunde.de\\\/comm\\\/2022\\\/08\\\/nachdenkseiten-rainer-werning-die-philippinen-im-sommer-2022-oder-aufbruch-in-die-vergangenheit\\\/\"]}]},{\"@type\":\"BreadcrumbList\",\"@id\":\"https:\\\/\\\/dp-freunde.de\\\/comm\\\/2022\\\/08\\\/nachdenkseiten-rainer-werning-die-philippinen-im-sommer-2022-oder-aufbruch-in-die-vergangenheit\\\/#breadcrumb\",\"itemListElement\":[{\"@type\":\"ListItem\",\"position\":1,\"name\":\"Startseite\",\"item\":\"https:\\\/\\\/dp-freunde.de\\\/comm\\\/\"},{\"@type\":\"ListItem\",\"position\":2,\"name\":\"NachDenkSeiten &#8211; Rainer Werning &#8211; Die Philippinen im Sommer 2022 oder Aufbruch in die Vergangenheit\"}]},{\"@type\":\"WebSite\",\"@id\":\"https:\\\/\\\/dp-freunde.de\\\/comm\\\/#website\",\"url\":\"https:\\\/\\\/dp-freunde.de\\\/comm\\\/\",\"name\":\"Deutsch-Philippinische Freunde e.V.\",\"description\":\"Solidarische Hilfe bei gegenseitigem Respekt auf Augenh\u00f6he\",\"potentialAction\":[{\"@type\":\"SearchAction\",\"target\":{\"@type\":\"EntryPoint\",\"urlTemplate\":\"https:\\\/\\\/dp-freunde.de\\\/comm\\\/?s={search_term_string}\"},\"query-input\":{\"@type\":\"PropertyValueSpecification\",\"valueRequired\":true,\"valueName\":\"search_term_string\"}}],\"inLanguage\":\"de\"},{\"@type\":\"Person\",\"@id\":\"https:\\\/\\\/dp-freunde.de\\\/comm\\\/#\\\/schema\\\/person\\\/5283843684813fd75a5e3d0675c1100f\",\"name\":\"Webmaster1\"}]}<\/script>\n<!-- \/ Yoast SEO plugin. -->","yoast_head_json":{"title":"NachDenkSeiten - Rainer Werning - Die Philippinen im Sommer 2022 oder Aufbruch in die Vergangenheit - Deutsch-Philippinische Freunde e.V.","robots":{"index":"index","follow":"follow","max-snippet":"max-snippet:-1","max-image-preview":"max-image-preview:large","max-video-preview":"max-video-preview:-1"},"canonical":"https:\/\/dp-freunde.de\/comm\/2022\/08\/nachdenkseiten-rainer-werning-die-philippinen-im-sommer-2022-oder-aufbruch-in-die-vergangenheit\/","og_locale":"de_DE","og_type":"article","og_title":"NachDenkSeiten - Rainer Werning - Die Philippinen im Sommer 2022 oder Aufbruch in die Vergangenheit - Deutsch-Philippinische Freunde e.V.","og_description":"Der 64-j\u00e4hrige Diktatorensohn Ferdinand Marcos Junior \u2013 von seinen Anh\u00e4ngern kurz \u201eBongbong\u201c oder noch k\u00fcrzer \u201eBBM\u201c genannt \u2013 wurde am 30. Juni als 17. philippinischer Pr\u00e4sident vereidigt. Und das ausgerechnet im Nationalmuseum der Metropole Manila, einem neoklassizistischen Bau, der 1921 &hellip; NachDenkSeiten &#8211; Rainer Werning &#8211; Die Philippinen im Sommer 2022 oder Aufbruch in die Vergangenheit Weiterlesen &raquo;","og_url":"https:\/\/dp-freunde.de\/comm\/2022\/08\/nachdenkseiten-rainer-werning-die-philippinen-im-sommer-2022-oder-aufbruch-in-die-vergangenheit\/","og_site_name":"Deutsch-Philippinische Freunde e.V.","article_published_time":"2022-08-17T19:50:00+00:00","article_modified_time":"2022-08-19T19:52:11+00:00","author":"Webmaster1","twitter_card":"summary_large_image","twitter_misc":{"Verfasst von":"Webmaster1","Gesch\u00e4tzte Lesezeit":"1\u00a0Minute"},"schema":{"@context":"https:\/\/schema.org","@graph":[{"@type":"Article","@id":"https:\/\/dp-freunde.de\/comm\/2022\/08\/nachdenkseiten-rainer-werning-die-philippinen-im-sommer-2022-oder-aufbruch-in-die-vergangenheit\/#article","isPartOf":{"@id":"https:\/\/dp-freunde.de\/comm\/2022\/08\/nachdenkseiten-rainer-werning-die-philippinen-im-sommer-2022-oder-aufbruch-in-die-vergangenheit\/"},"author":{"name":"Webmaster1","@id":"https:\/\/dp-freunde.de\/comm\/#\/schema\/person\/5283843684813fd75a5e3d0675c1100f"},"headline":"NachDenkSeiten &#8211; Rainer Werning &#8211; Die Philippinen im Sommer 2022 oder Aufbruch in die Vergangenheit","datePublished":"2022-08-17T19:50:00+00:00","dateModified":"2022-08-19T19:52:11+00:00","mainEntityOfPage":{"@id":"https:\/\/dp-freunde.de\/comm\/2022\/08\/nachdenkseiten-rainer-werning-die-philippinen-im-sommer-2022-oder-aufbruch-in-die-vergangenheit\/"},"wordCount":166,"articleSection":["Autor Rainer Werning","Philippinen"],"inLanguage":"de"},{"@type":"WebPage","@id":"https:\/\/dp-freunde.de\/comm\/2022\/08\/nachdenkseiten-rainer-werning-die-philippinen-im-sommer-2022-oder-aufbruch-in-die-vergangenheit\/","url":"https:\/\/dp-freunde.de\/comm\/2022\/08\/nachdenkseiten-rainer-werning-die-philippinen-im-sommer-2022-oder-aufbruch-in-die-vergangenheit\/","name":"NachDenkSeiten - Rainer Werning - Die Philippinen im Sommer 2022 oder Aufbruch in die Vergangenheit - Deutsch-Philippinische Freunde e.V.","isPartOf":{"@id":"https:\/\/dp-freunde.de\/comm\/#website"},"datePublished":"2022-08-17T19:50:00+00:00","dateModified":"2022-08-19T19:52:11+00:00","author":{"@id":"https:\/\/dp-freunde.de\/comm\/#\/schema\/person\/5283843684813fd75a5e3d0675c1100f"},"breadcrumb":{"@id":"https:\/\/dp-freunde.de\/comm\/2022\/08\/nachdenkseiten-rainer-werning-die-philippinen-im-sommer-2022-oder-aufbruch-in-die-vergangenheit\/#breadcrumb"},"inLanguage":"de","potentialAction":[{"@type":"ReadAction","target":["https:\/\/dp-freunde.de\/comm\/2022\/08\/nachdenkseiten-rainer-werning-die-philippinen-im-sommer-2022-oder-aufbruch-in-die-vergangenheit\/"]}]},{"@type":"BreadcrumbList","@id":"https:\/\/dp-freunde.de\/comm\/2022\/08\/nachdenkseiten-rainer-werning-die-philippinen-im-sommer-2022-oder-aufbruch-in-die-vergangenheit\/#breadcrumb","itemListElement":[{"@type":"ListItem","position":1,"name":"Startseite","item":"https:\/\/dp-freunde.de\/comm\/"},{"@type":"ListItem","position":2,"name":"NachDenkSeiten &#8211; Rainer Werning &#8211; Die Philippinen im Sommer 2022 oder Aufbruch in die Vergangenheit"}]},{"@type":"WebSite","@id":"https:\/\/dp-freunde.de\/comm\/#website","url":"https:\/\/dp-freunde.de\/comm\/","name":"Deutsch-Philippinische Freunde e.V.","description":"Solidarische Hilfe bei gegenseitigem Respekt auf Augenh\u00f6he","potentialAction":[{"@type":"SearchAction","target":{"@type":"EntryPoint","urlTemplate":"https:\/\/dp-freunde.de\/comm\/?s={search_term_string}"},"query-input":{"@type":"PropertyValueSpecification","valueRequired":true,"valueName":"search_term_string"}}],"inLanguage":"de"},{"@type":"Person","@id":"https:\/\/dp-freunde.de\/comm\/#\/schema\/person\/5283843684813fd75a5e3d0675c1100f","name":"Webmaster1"}]}},"_links":{"self":[{"href":"https:\/\/dp-freunde.de\/comm\/wp-json\/wp\/v2\/posts\/8967","targetHints":{"allow":["GET"]}}],"collection":[{"href":"https:\/\/dp-freunde.de\/comm\/wp-json\/wp\/v2\/posts"}],"about":[{"href":"https:\/\/dp-freunde.de\/comm\/wp-json\/wp\/v2\/types\/post"}],"author":[{"embeddable":true,"href":"https:\/\/dp-freunde.de\/comm\/wp-json\/wp\/v2\/users\/6"}],"replies":[{"embeddable":true,"href":"https:\/\/dp-freunde.de\/comm\/wp-json\/wp\/v2\/comments?post=8967"}],"version-history":[{"count":0,"href":"https:\/\/dp-freunde.de\/comm\/wp-json\/wp\/v2\/posts\/8967\/revisions"}],"wp:attachment":[{"href":"https:\/\/dp-freunde.de\/comm\/wp-json\/wp\/v2\/media?parent=8967"}],"wp:term":[{"taxonomy":"category","embeddable":true,"href":"https:\/\/dp-freunde.de\/comm\/wp-json\/wp\/v2\/categories?post=8967"},{"taxonomy":"post_tag","embeddable":true,"href":"https:\/\/dp-freunde.de\/comm\/wp-json\/wp\/v2\/tags?post=8967"}],"curies":[{"name":"wp","href":"https:\/\/api.w.org\/{rel}","templated":true}]}}