{"id":9036,"date":"2022-11-10T20:42:15","date_gmt":"2022-11-10T19:42:15","guid":{"rendered":"https:\/\/dp-freunde.de\/comm\/?p=9036"},"modified":"2022-11-10T20:43:15","modified_gmt":"2022-11-10T19:43:15","slug":"gegen-redtagging-in-baguio-city-und-an-anderen-orten-stellungnahme-der-cordillera-people-alliance","status":"publish","type":"post","link":"https:\/\/dp-freunde.de\/comm\/2022\/11\/gegen-redtagging-in-baguio-city-und-an-anderen-orten-stellungnahme-der-cordillera-people-alliance\/","title":{"rendered":"Gegen Redtagging in Baguio City und an anderen Orten &#8211; Stellungnahme der Cordillera People Alliance"},"content":{"rendered":"\n<div>\n<div>\n<div>(deutsche \u00dcbersetzung unten)<\/div>\n<div>\u00a0<\/div>\n<div><strong>Stop at once redtagging in Baguio City and elsewhere <\/strong><\/div>\n<div>against activists of environment movements and fighters for humanity and liberty.<\/div>\n<div>We in Stuttgart know for instance Windel Bolinget very well as he visited years ago our movement against Stuttgart 21 and expressed his solidarity with us.<\/div>\n<div>We know very well that they tag at first communists or so called ore blamed communists and then they tag all other human or environment movements. We remember James Balao and still demand information about his enforced disappearances.<\/div>\n<div>Stop impunity!<\/div>\n<div>\u00a0<\/div>\n<div>We protest and send warmest greetings of solidarity to all of you. We are full of respect of your work though so many of wonderful activists and freedom fighters\u00a0 are killed or enforced disappeared.<\/div>\n<div>\u00a0<\/div>\n<div>Prof. E. Schmid<\/div>\n<div>Stuttgart<\/div>\n<div>in the name of the Monday Rally movement and of many of\u00a0 the movement against S 21<\/div>\n<\/div>\n<\/div>\n<div>\u00a0<\/div>\n<div>\u00a0<\/div>\n<p><!--more--><\/p>\n<div>\n<div>\n<div>\u00a0\n<div>\u00a0\n<div>\n<div>\n<div><center>\n<table id=\"bodyTable\" border=\"0\" width=\"100%\" cellspacing=\"0\" cellpadding=\"0\" align=\"center\">\n<tbody>\n<tr>\n<td id=\"bodyCell\" align=\"center\" valign=\"top\">\n<table border=\"0\" width=\"100%\" cellspacing=\"0\" cellpadding=\"0\">\n<tbody>\n<tr>\n<td id=\"templateHeader\" align=\"center\" valign=\"top\">\n<table class=\"templateContainer\" border=\"0\" width=\"100%\" cellspacing=\"0\" cellpadding=\"0\" align=\"center\">\n<tbody>\n<tr>\n<td class=\"headerContainer\" valign=\"top\">\n<table class=\"mcnImageBlock\" border=\"0\" width=\"100%\" cellspacing=\"0\" cellpadding=\"0\">\n<tbody class=\"mcnImageBlockOuter\">\n<tr>\n<td class=\"mcnImageBlockInner\" valign=\"top\">\n<table class=\"mcnImageContentContainer\" border=\"0\" width=\"100%\" cellspacing=\"0\" cellpadding=\"0\" align=\"left\">\n<tbody>\n<tr>\n<td class=\"mcnImageContent\" valign=\"top\"><img decoding=\"async\" class=\"mcnImage\" src=\"https:\/\/mcusercontent.com\/92f73ddfe740bf2f583ac5fe5\/images\/ab2dc4a9-9f50-590e-7058-defa4c56d28e.png\" width=\"564\" align=\"middle\" \/><\/td>\n<\/tr>\n<\/tbody>\n<\/table>\n<\/td>\n<\/tr>\n<\/tbody>\n<\/table>\n<\/td>\n<\/tr>\n<\/tbody>\n<\/table>\n<\/td>\n<\/tr>\n<tr>\n<td id=\"templateBody\" align=\"center\" valign=\"top\">\n<table class=\"templateContainer\" border=\"0\" width=\"100%\" cellspacing=\"0\" cellpadding=\"0\" align=\"center\">\n<tbody>\n<tr>\n<td class=\"bodyContainer\" valign=\"top\">\n<table class=\"mcnTextBlock\" border=\"0\" width=\"100%\" cellspacing=\"0\" cellpadding=\"0\">\n<tbody class=\"mcnTextBlockOuter\">\n<tr>\n<td class=\"mcnTextBlockInner\" valign=\"top\">\n<table class=\"mcnTextContentContainer\" border=\"0\" width=\"100%\" cellspacing=\"0\" cellpadding=\"0\" align=\"left\">\n<tbody>\n<tr>\n<td class=\"mcnTextContent\" valign=\"top\">\n<div><span class=\"mc-toc-title\">Cordillera Peoples Alliance<br \/>Public Information Commission<\/span><br \/>\u00a0<\/div>\n<div><strong>REDTAGGING ALERT:<br \/>CPA, redtagged in a UP Baguio NSTP Forum<\/strong><\/div>\n<\/td>\n<\/tr>\n<\/tbody>\n<\/table>\n<\/td>\n<\/tr>\n<\/tbody>\n<\/table>\n<table class=\"mcnCaptionBlock\" border=\"0\" width=\"100%\" cellspacing=\"0\" cellpadding=\"0\">\n<tbody class=\"mcnCaptionBlockOuter\">\n<tr>\n<td class=\"mcnCaptionBlockInner\" valign=\"top\">\n<table class=\"mcnCaptionBottomContent\" border=\"0\" cellspacing=\"0\" cellpadding=\"0\" align=\"left\">\n<tbody>\n<tr>\n<td class=\"mcnCaptionBottomImageContent\" align=\"center\" valign=\"top\"><img decoding=\"async\" class=\"mcnImage\" src=\"https:\/\/mcusercontent.com\/92f73ddfe740bf2f583ac5fe5\/images\/8f55d819-f2bf-de82-7de8-328c1a89b7d9.jpg\" width=\"564\" \/><\/td>\n<\/tr>\n<tr>\n<td class=\"mcnTextContent\" valign=\"top\" width=\"564\">\n<div>Slide presented by Retired Major General Peale Jon L. Bondoc at the National Service Training Program (NSTP) Peace and Security Mass Lecture hosted by the University of the Philippines Baguio.<\/div>\n<\/td>\n<\/tr>\n<\/tbody>\n<\/table>\n<\/td>\n<\/tr>\n<\/tbody>\n<\/table>\n<table class=\"mcnTextBlock\" border=\"0\" width=\"100%\" cellspacing=\"0\" cellpadding=\"0\">\n<tbody class=\"mcnTextBlockOuter\">\n<tr>\n<td class=\"mcnTextBlockInner\" valign=\"top\">\n<table class=\"mcnTextContentContainer\" border=\"0\" width=\"100%\" cellspacing=\"0\" cellpadding=\"0\" align=\"left\">\n<tbody>\n<tr>\n<td class=\"mcnTextContent\" valign=\"top\">\n<div>Today, in a National Service Training Program (NSTP) Peace and Security Mass Lecture hosted by the University of the Philippines Baguio, Retired Major Gen. Peale Jon L. Bondoc presented a slide labelling several progressive organizations including the Cordillera Peoples Alliance as fronts of the Communist Party of the Philippines (CPP) and New Peoples Army (NPA). This will be the latest case of political vilification against the CPA.<br \/>\u00a0<br \/>On August 5, 2022, 23 petitioners from the CPA filed a petition for a <a href=\"https:\/\/cpaphils.us14.list-manage.com\/track\/click?u=92f73ddfe740bf2f583ac5fe5&amp;id=0a3cb8eec7&amp;e=c32c82be19\" target=\"_blank\" rel=\"noopener noreferrer\">Writ of Amparo<\/a> in hopes of acquiring court protection from the series of harassment, vilification, coercion to surrender as rebels, and trumped-up charges instigitated by state security forces.<br \/>\u00a0<br \/>On August 20, 2022, CPA Regional Council Member <a href=\"https:\/\/cpaphils.us14.list-manage.com\/track\/click?u=92f73ddfe740bf2f583ac5fe5&amp;id=e9070526da&amp;e=c32c82be19\" target=\"_blank\" rel=\"noopener noreferrer\">Steve Tauli<\/a> was mauled and abducted by suspected elements of the state who proceeded to lecture him about the counter-insurgency programs of the government, particularly NTF-ELCAC, and pressured him to sign a sworn statement admitting his supposed leadership position in the Communist Party of the Philippines and the New Peoples Army. His captors released him the following day. Steve then petitioned for a Writ of Amparo, making him the 24<sup>th<\/sup>\u00a0petitioner from CPA.<br \/>\u00a0<br \/>On August 29-30, 2022, a redtagging forum by the National Commission on Indigenous Peoples (NCIP) was conducted at Teacher\u2019s Camp, Baguio City. CPA was again named as a communist-terrorist front organization. The same activity was held in Ifugao on August 22-23, and if NCIP implements the same program and presentations, it is highly possible that the redtagging of CPA and the other organizations had been conducted in many of their forums held elsewhere.<br \/>\u00a0<br \/>On October 25, 2022,<a href=\"https:\/\/cpaphils.us14.list-manage.com\/track\/click?u=92f73ddfe740bf2f583ac5fe5&amp;id=e534d596a6&amp;e=c32c82be19\" target=\"_blank\" rel=\"noopener noreferrer\"> Lorraine Badoy-Partosa<\/a> recited the names of the CPA petitioners for a Writ of Amparo in her news show Laban Kasama ang Bayan which regularly airs at the SMNI network. She claimed that these were names of CPP-NPA members. Following this incident, we received the <a href=\"https:\/\/cpaphils.us14.list-manage.com\/track\/click?u=92f73ddfe740bf2f583ac5fe5&amp;id=989557d194&amp;e=c32c82be19\" target=\"_blank\" rel=\"noopener noreferrer\">official dismissal<\/a> of our petition for a Writ of Amparo.<br \/>\u00a0<br \/>Meanwhile, redtagging on social media continues unrelentlessly, with CPA Chairperson Windel Bolinget as one of the primary subjects of ridicule, harassment, and vilification. In these redtagging posts, there is no longer a distinction between armed combatants and civilians. Those who merely dissent in exercise of their democratic rights are directly labelled as members of an armed rebel group.<br \/>\u00a0<br \/>These instances are just a few of the reasons why we persist in availing human rights mechanisms despite its sorry state in the Philippines. The dangers are not ending; the attacks are organized and systematic. While we are disappointed by our Amparo petition\u2019s dissmissal despite the instensifying human rights violations (HRVs), it will not be the end of our efforts. This November, CPA will be participating in the 4<sup>th<\/sup>\u00a0cycle of the United Nations Human Rights Council\u2019s <a href=\"https:\/\/cpaphils.us14.list-manage.com\/track\/click?u=92f73ddfe740bf2f583ac5fe5&amp;id=7074d32a14&amp;e=c32c82be19\" target=\"_blank\" rel=\"noopener noreferrer\">Universal Periodic Review<\/a> (UPR). We will be presenting our situation and recommendations in the side-events leading to the November 14 convention of the UN Human Rights Council.<br \/>\u00a0<br \/>We appeal to the general public to help us drumbeat the human rights situation in the Cordillera and combat the widespread disinformation on social media. Redtagging forums and posts should immediately be condemned and reported, along with other HRVs committed by the state. In the end, our calls for justice and accountability should persist over the rampant culture of impunity.<br \/>\u00a0<br \/>#DefendTogether<br \/>#DefendCPA #DefendTheDefenders<br \/>#DefendCordilleraPH<\/div>\n<div>\n<div>Heute pr\u00e4sentierte Generalmajor a.D. Peale Jon L. Bondoc in einer von der Universit\u00e4t der Philippinen Baguio veranstalteten Massenvorlesung im Rahmen des National Service Training Program (NSTP) zum Thema Frieden und Sicherheit eine Folie, auf der er mehrere progressive Organisationen, darunter die Cordillera Peoples Alliance, als Fronten der Kommunistischen Partei der Philippinen (CPP) und der New Peoples Army (NPA) bezeichnete. Dies ist der j\u00fcngste Fall von politischer Verunglimpfung der CPA.<br \/>\u00a0<br \/>Am 5. August 2022 reichten 23 Petenten der CPA eine Petition f\u00fcr einen Writ of Amparo ein, in der Hoffnung, gerichtlichen Schutz vor der Serie von Schikanen, Verunglimpfungen, der N\u00f6tigung, sich als Rebellen zu ergeben, und erfundenen Anklagen zu erhalten, die von den staatlichen Sicherheitskr\u00e4ften angestiftet wurden.<br \/>\u00a0<br \/>Am 20. August 2022 wurde das CPA-Regionalratsmitglied Steve Tauli von verd\u00e4chtigen Elementen des Staates misshandelt und entf\u00fchrt, die ihn \u00fcber die Aufstandsbek\u00e4mpfungsprogramme der Regierung, insbesondere NTF-ELCAC, belehrten und ihn unter Druck setzten, eine eidesstattliche Erkl\u00e4rung zu unterschreiben, in der er seine angebliche F\u00fchrungsposition in der Kommunistischen Partei der Philippinen und der New Peoples Army zugab. Seine Entf\u00fchrer lie\u00dfen ihn am n\u00e4chsten Tag frei. Steve beantragte daraufhin ein Writ of Amparo, womit er der 24. Petent der CPA war.<br \/>\u00a0<br \/>Am 29. und 30. August 2022 fand im Teacher&#8217;s Camp in Baguio City ein von der National Commission on Indigenous Peoples (NCIP) veranstaltetes Forum zur erneuten Kennzeichnung statt. Die CPA wurde erneut als kommunistisch-terroristische Frontorganisation bezeichnet. Die gleiche Veranstaltung fand am 22. und 23. August in Ifugao statt, und wenn die NCIP das gleiche Programm und die gleichen Pr\u00e4sentationen durchf\u00fchrt, ist es sehr gut m\u00f6glich, dass die erneute Kennzeichnung der CPA und der anderen Organisationen in vielen ihrer anderswo abgehaltenen Foren durchgef\u00fchrt wurde.<br \/>\u00a0<br \/>Am 25. Oktober 2022 nannte Lorraine Badoy-Partosa in ihrer Nachrichtensendung Laban Kasama ang Bayan, die regelm\u00e4\u00dfig im SMNI-Netzwerk ausgestrahlt wird, die Namen der CPA-Petenten, die einen Antrag auf ein Amparo-Schreiben gestellt hatten. Sie behauptete, es handele sich um Namen von CPP-NPA-Mitgliedern. Nach diesem Vorfall erhielten wir die offizielle Ablehnung unserer Petition f\u00fcr ein Writ of Amparo.<br \/>\u00a0<br \/>In der Zwischenzeit geht das Redtagging in den sozialen Medien unerbittlich weiter, wobei die CPA-Vorsitzende Windel Bolinget zu den Hauptpersonen geh\u00f6rt, die verspottet, bel\u00e4stigt und verleumdet werden. In diesen Redtagging-Posts wird nicht mehr zwischen bewaffneten K\u00e4mpfern und Zivilisten unterschieden. Diejenigen, die lediglich in Aus\u00fcbung ihrer demokratischen Rechte eine andere Meinung vertreten, werden direkt als Mitglieder einer bewaffneten Rebellengruppe abgestempelt.<br \/>\u00a0<br \/>Dies sind nur einige der Gr\u00fcnde, warum wir trotz des beklagenswerten Zustands auf den Philippinen weiterhin Menschenrechtsmechanismen in Anspruch nehmen. Die Gefahren nehmen kein Ende; die Angriffe sind organisiert und systematisch. Wir sind zwar entt\u00e4uscht, dass unsere Amparo-Petition trotz der sich versch\u00e4rfenden Menschenrechtsverletzungen abgewiesen wurde, aber dies wird nicht das Ende unserer Bem\u00fchungen sein. Im November dieses Jahres wird die CPA am 4. Zyklus der Allgemeinen Regelm\u00e4\u00dfigen \u00dcberpr\u00fcfung (UPR) des Menschenrechtsrats der Vereinten Nationen teilnehmen. Wir werden unsere Situation und unsere Empfehlungen bei den Nebenveranstaltungen im Vorfeld der Tagung des UN-Menschenrechtsrats am 14. November vorstellen.<br \/>\u00a0<br \/>Wir appellieren an die \u00d6ffentlichkeit, uns bei der Aufkl\u00e4rung \u00fcber die Menschenrechtslage in den Kordilleren zu unterst\u00fctzen und die weit verbreitete Desinformation in den sozialen Medien zu bek\u00e4mpfen. Redtagging-Foren und -Posts sollten sofort verurteilt und gemeldet werden, ebenso wie andere vom Staat begangene Menschenrechtsverletzungen. Letztendlich sollten unsere Forderungen nach Gerechtigkeit und Rechenschaftspflicht gegen\u00fcber der weit verbreiteten Kultur der Straflosigkeit bestehen bleiben.<br \/>\u00a0<br \/>#DefendTogether<br \/>#DefendCPA #DefendTheDefenders<br \/>#DefendCordilleraPH<br \/>\u00a0<br \/>\u00a0\u00a0<\/div>\n<div>\u00dcbersetzt mit <a href=\"https:\/\/deref-gmx.net\/mail\/client\/atigBOEQyjw\/dereferrer\/?redirectUrl=http%3A%2F%2Fwww.DeepL.com%2FTranslator\" target=\"_blank\" rel=\"noopener noreferrer\">www.DeepL.com\/Translator<\/a> (kostenlose Version)<\/div>\n<\/div>\n<\/td>\n<\/tr>\n<\/tbody>\n<\/table>\n<\/td>\n<\/tr>\n<\/tbody>\n<\/table>\n<\/td>\n<\/tr>\n<\/tbody>\n<\/table>\n<\/td>\n<\/tr>\n<\/tbody>\n<\/table>\n<\/td>\n<\/tr>\n<\/tbody>\n<\/table>\n<\/center><\/div>\n<\/div>\n<\/div>\n<\/div>\n<\/div>\n<\/div>\n<\/div>\n","protected":false},"excerpt":{"rendered":"","protected":false},"author":6,"featured_media":0,"comment_status":"closed","ping_status":"open","sticky":false,"template":"","format":"standard","meta":{"footnotes":""},"categories":[1],"tags":[],"class_list":["post-9036","post","type-post","status-publish","format-standard","hentry","category-allgemein"],"yoast_head":"<!-- This site is optimized with the Yoast SEO plugin v27.4 - https:\/\/yoast.com\/product\/yoast-seo-wordpress\/ -->\n<title>Gegen Redtagging in Baguio City und an anderen Orten - Stellungnahme der Cordillera People Alliance - Deutsch-Philippinische Freunde e.V.<\/title>\n<meta name=\"robots\" content=\"index, follow, max-snippet:-1, max-image-preview:large, max-video-preview:-1\" \/>\n<link rel=\"canonical\" href=\"https:\/\/dp-freunde.de\/comm\/2022\/11\/gegen-redtagging-in-baguio-city-und-an-anderen-orten-stellungnahme-der-cordillera-people-alliance\/\" \/>\n<meta property=\"og:locale\" content=\"de_DE\" \/>\n<meta property=\"og:type\" content=\"article\" \/>\n<meta property=\"og:title\" content=\"Gegen Redtagging in Baguio City und an anderen Orten - Stellungnahme der Cordillera People Alliance - Deutsch-Philippinische Freunde e.V.\" \/>\n<meta property=\"og:url\" content=\"https:\/\/dp-freunde.de\/comm\/2022\/11\/gegen-redtagging-in-baguio-city-und-an-anderen-orten-stellungnahme-der-cordillera-people-alliance\/\" \/>\n<meta property=\"og:site_name\" content=\"Deutsch-Philippinische Freunde e.V.\" \/>\n<meta property=\"article:published_time\" content=\"2022-11-10T19:42:15+00:00\" \/>\n<meta property=\"article:modified_time\" content=\"2022-11-10T19:43:15+00:00\" \/>\n<meta property=\"og:image\" content=\"https:\/\/mcusercontent.com\/92f73ddfe740bf2f583ac5fe5\/images\/ab2dc4a9-9f50-590e-7058-defa4c56d28e.png\" \/>\n<meta name=\"author\" content=\"Webmaster1\" \/>\n<meta name=\"twitter:card\" content=\"summary_large_image\" \/>\n<meta name=\"twitter:label1\" content=\"Verfasst von\" \/>\n\t<meta name=\"twitter:data1\" content=\"Webmaster1\" \/>\n\t<meta name=\"twitter:label2\" content=\"Gesch\u00e4tzte Lesezeit\" \/>\n\t<meta name=\"twitter:data2\" content=\"8\u00a0Minuten\" \/>\n<script type=\"application\/ld+json\" class=\"yoast-schema-graph\">{\"@context\":\"https:\\\/\\\/schema.org\",\"@graph\":[{\"@type\":\"Article\",\"@id\":\"https:\\\/\\\/dp-freunde.de\\\/comm\\\/2022\\\/11\\\/gegen-redtagging-in-baguio-city-und-an-anderen-orten-stellungnahme-der-cordillera-people-alliance\\\/#article\",\"isPartOf\":{\"@id\":\"https:\\\/\\\/dp-freunde.de\\\/comm\\\/2022\\\/11\\\/gegen-redtagging-in-baguio-city-und-an-anderen-orten-stellungnahme-der-cordillera-people-alliance\\\/\"},\"author\":{\"name\":\"Webmaster1\",\"@id\":\"https:\\\/\\\/dp-freunde.de\\\/comm\\\/#\\\/schema\\\/person\\\/5283843684813fd75a5e3d0675c1100f\"},\"headline\":\"Gegen Redtagging in Baguio City und an anderen Orten &#8211; Stellungnahme der Cordillera People Alliance\",\"datePublished\":\"2022-11-10T19:42:15+00:00\",\"dateModified\":\"2022-11-10T19:43:15+00:00\",\"mainEntityOfPage\":{\"@id\":\"https:\\\/\\\/dp-freunde.de\\\/comm\\\/2022\\\/11\\\/gegen-redtagging-in-baguio-city-und-an-anderen-orten-stellungnahme-der-cordillera-people-alliance\\\/\"},\"wordCount\":1324,\"image\":{\"@id\":\"https:\\\/\\\/dp-freunde.de\\\/comm\\\/2022\\\/11\\\/gegen-redtagging-in-baguio-city-und-an-anderen-orten-stellungnahme-der-cordillera-people-alliance\\\/#primaryimage\"},\"thumbnailUrl\":\"https:\\\/\\\/mcusercontent.com\\\/92f73ddfe740bf2f583ac5fe5\\\/images\\\/ab2dc4a9-9f50-590e-7058-defa4c56d28e.png\",\"inLanguage\":\"de\"},{\"@type\":\"WebPage\",\"@id\":\"https:\\\/\\\/dp-freunde.de\\\/comm\\\/2022\\\/11\\\/gegen-redtagging-in-baguio-city-und-an-anderen-orten-stellungnahme-der-cordillera-people-alliance\\\/\",\"url\":\"https:\\\/\\\/dp-freunde.de\\\/comm\\\/2022\\\/11\\\/gegen-redtagging-in-baguio-city-und-an-anderen-orten-stellungnahme-der-cordillera-people-alliance\\\/\",\"name\":\"Gegen Redtagging in Baguio City und an anderen Orten - Stellungnahme der Cordillera People Alliance - Deutsch-Philippinische Freunde e.V.\",\"isPartOf\":{\"@id\":\"https:\\\/\\\/dp-freunde.de\\\/comm\\\/#website\"},\"primaryImageOfPage\":{\"@id\":\"https:\\\/\\\/dp-freunde.de\\\/comm\\\/2022\\\/11\\\/gegen-redtagging-in-baguio-city-und-an-anderen-orten-stellungnahme-der-cordillera-people-alliance\\\/#primaryimage\"},\"image\":{\"@id\":\"https:\\\/\\\/dp-freunde.de\\\/comm\\\/2022\\\/11\\\/gegen-redtagging-in-baguio-city-und-an-anderen-orten-stellungnahme-der-cordillera-people-alliance\\\/#primaryimage\"},\"thumbnailUrl\":\"https:\\\/\\\/mcusercontent.com\\\/92f73ddfe740bf2f583ac5fe5\\\/images\\\/ab2dc4a9-9f50-590e-7058-defa4c56d28e.png\",\"datePublished\":\"2022-11-10T19:42:15+00:00\",\"dateModified\":\"2022-11-10T19:43:15+00:00\",\"author\":{\"@id\":\"https:\\\/\\\/dp-freunde.de\\\/comm\\\/#\\\/schema\\\/person\\\/5283843684813fd75a5e3d0675c1100f\"},\"breadcrumb\":{\"@id\":\"https:\\\/\\\/dp-freunde.de\\\/comm\\\/2022\\\/11\\\/gegen-redtagging-in-baguio-city-und-an-anderen-orten-stellungnahme-der-cordillera-people-alliance\\\/#breadcrumb\"},\"inLanguage\":\"de\",\"potentialAction\":[{\"@type\":\"ReadAction\",\"target\":[\"https:\\\/\\\/dp-freunde.de\\\/comm\\\/2022\\\/11\\\/gegen-redtagging-in-baguio-city-und-an-anderen-orten-stellungnahme-der-cordillera-people-alliance\\\/\"]}]},{\"@type\":\"ImageObject\",\"inLanguage\":\"de\",\"@id\":\"https:\\\/\\\/dp-freunde.de\\\/comm\\\/2022\\\/11\\\/gegen-redtagging-in-baguio-city-und-an-anderen-orten-stellungnahme-der-cordillera-people-alliance\\\/#primaryimage\",\"url\":\"https:\\\/\\\/mcusercontent.com\\\/92f73ddfe740bf2f583ac5fe5\\\/images\\\/ab2dc4a9-9f50-590e-7058-defa4c56d28e.png\",\"contentUrl\":\"https:\\\/\\\/mcusercontent.com\\\/92f73ddfe740bf2f583ac5fe5\\\/images\\\/ab2dc4a9-9f50-590e-7058-defa4c56d28e.png\"},{\"@type\":\"BreadcrumbList\",\"@id\":\"https:\\\/\\\/dp-freunde.de\\\/comm\\\/2022\\\/11\\\/gegen-redtagging-in-baguio-city-und-an-anderen-orten-stellungnahme-der-cordillera-people-alliance\\\/#breadcrumb\",\"itemListElement\":[{\"@type\":\"ListItem\",\"position\":1,\"name\":\"Startseite\",\"item\":\"https:\\\/\\\/dp-freunde.de\\\/comm\\\/\"},{\"@type\":\"ListItem\",\"position\":2,\"name\":\"Gegen Redtagging in Baguio City und an anderen Orten &#8211; Stellungnahme der Cordillera People Alliance\"}]},{\"@type\":\"WebSite\",\"@id\":\"https:\\\/\\\/dp-freunde.de\\\/comm\\\/#website\",\"url\":\"https:\\\/\\\/dp-freunde.de\\\/comm\\\/\",\"name\":\"Deutsch-Philippinische Freunde e.V.\",\"description\":\"Solidarische Hilfe bei gegenseitigem Respekt auf Augenh\u00f6he\",\"potentialAction\":[{\"@type\":\"SearchAction\",\"target\":{\"@type\":\"EntryPoint\",\"urlTemplate\":\"https:\\\/\\\/dp-freunde.de\\\/comm\\\/?s={search_term_string}\"},\"query-input\":{\"@type\":\"PropertyValueSpecification\",\"valueRequired\":true,\"valueName\":\"search_term_string\"}}],\"inLanguage\":\"de\"},{\"@type\":\"Person\",\"@id\":\"https:\\\/\\\/dp-freunde.de\\\/comm\\\/#\\\/schema\\\/person\\\/5283843684813fd75a5e3d0675c1100f\",\"name\":\"Webmaster1\"}]}<\/script>\n<!-- \/ Yoast SEO plugin. -->","yoast_head_json":{"title":"Gegen Redtagging in Baguio City und an anderen Orten - Stellungnahme der Cordillera People Alliance - Deutsch-Philippinische Freunde e.V.","robots":{"index":"index","follow":"follow","max-snippet":"max-snippet:-1","max-image-preview":"max-image-preview:large","max-video-preview":"max-video-preview:-1"},"canonical":"https:\/\/dp-freunde.de\/comm\/2022\/11\/gegen-redtagging-in-baguio-city-und-an-anderen-orten-stellungnahme-der-cordillera-people-alliance\/","og_locale":"de_DE","og_type":"article","og_title":"Gegen Redtagging in Baguio City und an anderen Orten - Stellungnahme der Cordillera People Alliance - Deutsch-Philippinische Freunde e.V.","og_url":"https:\/\/dp-freunde.de\/comm\/2022\/11\/gegen-redtagging-in-baguio-city-und-an-anderen-orten-stellungnahme-der-cordillera-people-alliance\/","og_site_name":"Deutsch-Philippinische Freunde e.V.","article_published_time":"2022-11-10T19:42:15+00:00","article_modified_time":"2022-11-10T19:43:15+00:00","og_image":[{"url":"https:\/\/mcusercontent.com\/92f73ddfe740bf2f583ac5fe5\/images\/ab2dc4a9-9f50-590e-7058-defa4c56d28e.png","type":"","width":"","height":""}],"author":"Webmaster1","twitter_card":"summary_large_image","twitter_misc":{"Verfasst von":"Webmaster1","Gesch\u00e4tzte Lesezeit":"8\u00a0Minuten"},"schema":{"@context":"https:\/\/schema.org","@graph":[{"@type":"Article","@id":"https:\/\/dp-freunde.de\/comm\/2022\/11\/gegen-redtagging-in-baguio-city-und-an-anderen-orten-stellungnahme-der-cordillera-people-alliance\/#article","isPartOf":{"@id":"https:\/\/dp-freunde.de\/comm\/2022\/11\/gegen-redtagging-in-baguio-city-und-an-anderen-orten-stellungnahme-der-cordillera-people-alliance\/"},"author":{"name":"Webmaster1","@id":"https:\/\/dp-freunde.de\/comm\/#\/schema\/person\/5283843684813fd75a5e3d0675c1100f"},"headline":"Gegen Redtagging in Baguio City und an anderen Orten &#8211; Stellungnahme der Cordillera People Alliance","datePublished":"2022-11-10T19:42:15+00:00","dateModified":"2022-11-10T19:43:15+00:00","mainEntityOfPage":{"@id":"https:\/\/dp-freunde.de\/comm\/2022\/11\/gegen-redtagging-in-baguio-city-und-an-anderen-orten-stellungnahme-der-cordillera-people-alliance\/"},"wordCount":1324,"image":{"@id":"https:\/\/dp-freunde.de\/comm\/2022\/11\/gegen-redtagging-in-baguio-city-und-an-anderen-orten-stellungnahme-der-cordillera-people-alliance\/#primaryimage"},"thumbnailUrl":"https:\/\/mcusercontent.com\/92f73ddfe740bf2f583ac5fe5\/images\/ab2dc4a9-9f50-590e-7058-defa4c56d28e.png","inLanguage":"de"},{"@type":"WebPage","@id":"https:\/\/dp-freunde.de\/comm\/2022\/11\/gegen-redtagging-in-baguio-city-und-an-anderen-orten-stellungnahme-der-cordillera-people-alliance\/","url":"https:\/\/dp-freunde.de\/comm\/2022\/11\/gegen-redtagging-in-baguio-city-und-an-anderen-orten-stellungnahme-der-cordillera-people-alliance\/","name":"Gegen Redtagging in Baguio City und an anderen Orten - Stellungnahme der Cordillera People Alliance - Deutsch-Philippinische Freunde e.V.","isPartOf":{"@id":"https:\/\/dp-freunde.de\/comm\/#website"},"primaryImageOfPage":{"@id":"https:\/\/dp-freunde.de\/comm\/2022\/11\/gegen-redtagging-in-baguio-city-und-an-anderen-orten-stellungnahme-der-cordillera-people-alliance\/#primaryimage"},"image":{"@id":"https:\/\/dp-freunde.de\/comm\/2022\/11\/gegen-redtagging-in-baguio-city-und-an-anderen-orten-stellungnahme-der-cordillera-people-alliance\/#primaryimage"},"thumbnailUrl":"https:\/\/mcusercontent.com\/92f73ddfe740bf2f583ac5fe5\/images\/ab2dc4a9-9f50-590e-7058-defa4c56d28e.png","datePublished":"2022-11-10T19:42:15+00:00","dateModified":"2022-11-10T19:43:15+00:00","author":{"@id":"https:\/\/dp-freunde.de\/comm\/#\/schema\/person\/5283843684813fd75a5e3d0675c1100f"},"breadcrumb":{"@id":"https:\/\/dp-freunde.de\/comm\/2022\/11\/gegen-redtagging-in-baguio-city-und-an-anderen-orten-stellungnahme-der-cordillera-people-alliance\/#breadcrumb"},"inLanguage":"de","potentialAction":[{"@type":"ReadAction","target":["https:\/\/dp-freunde.de\/comm\/2022\/11\/gegen-redtagging-in-baguio-city-und-an-anderen-orten-stellungnahme-der-cordillera-people-alliance\/"]}]},{"@type":"ImageObject","inLanguage":"de","@id":"https:\/\/dp-freunde.de\/comm\/2022\/11\/gegen-redtagging-in-baguio-city-und-an-anderen-orten-stellungnahme-der-cordillera-people-alliance\/#primaryimage","url":"https:\/\/mcusercontent.com\/92f73ddfe740bf2f583ac5fe5\/images\/ab2dc4a9-9f50-590e-7058-defa4c56d28e.png","contentUrl":"https:\/\/mcusercontent.com\/92f73ddfe740bf2f583ac5fe5\/images\/ab2dc4a9-9f50-590e-7058-defa4c56d28e.png"},{"@type":"BreadcrumbList","@id":"https:\/\/dp-freunde.de\/comm\/2022\/11\/gegen-redtagging-in-baguio-city-und-an-anderen-orten-stellungnahme-der-cordillera-people-alliance\/#breadcrumb","itemListElement":[{"@type":"ListItem","position":1,"name":"Startseite","item":"https:\/\/dp-freunde.de\/comm\/"},{"@type":"ListItem","position":2,"name":"Gegen Redtagging in Baguio City und an anderen Orten &#8211; Stellungnahme der Cordillera People Alliance"}]},{"@type":"WebSite","@id":"https:\/\/dp-freunde.de\/comm\/#website","url":"https:\/\/dp-freunde.de\/comm\/","name":"Deutsch-Philippinische Freunde e.V.","description":"Solidarische Hilfe bei gegenseitigem Respekt auf Augenh\u00f6he","potentialAction":[{"@type":"SearchAction","target":{"@type":"EntryPoint","urlTemplate":"https:\/\/dp-freunde.de\/comm\/?s={search_term_string}"},"query-input":{"@type":"PropertyValueSpecification","valueRequired":true,"valueName":"search_term_string"}}],"inLanguage":"de"},{"@type":"Person","@id":"https:\/\/dp-freunde.de\/comm\/#\/schema\/person\/5283843684813fd75a5e3d0675c1100f","name":"Webmaster1"}]}},"_links":{"self":[{"href":"https:\/\/dp-freunde.de\/comm\/wp-json\/wp\/v2\/posts\/9036","targetHints":{"allow":["GET"]}}],"collection":[{"href":"https:\/\/dp-freunde.de\/comm\/wp-json\/wp\/v2\/posts"}],"about":[{"href":"https:\/\/dp-freunde.de\/comm\/wp-json\/wp\/v2\/types\/post"}],"author":[{"embeddable":true,"href":"https:\/\/dp-freunde.de\/comm\/wp-json\/wp\/v2\/users\/6"}],"replies":[{"embeddable":true,"href":"https:\/\/dp-freunde.de\/comm\/wp-json\/wp\/v2\/comments?post=9036"}],"version-history":[{"count":0,"href":"https:\/\/dp-freunde.de\/comm\/wp-json\/wp\/v2\/posts\/9036\/revisions"}],"wp:attachment":[{"href":"https:\/\/dp-freunde.de\/comm\/wp-json\/wp\/v2\/media?parent=9036"}],"wp:term":[{"taxonomy":"category","embeddable":true,"href":"https:\/\/dp-freunde.de\/comm\/wp-json\/wp\/v2\/categories?post=9036"},{"taxonomy":"post_tag","embeddable":true,"href":"https:\/\/dp-freunde.de\/comm\/wp-json\/wp\/v2\/tags?post=9036"}],"curies":[{"name":"wp","href":"https:\/\/api.w.org\/{rel}","templated":true}]}}