{"id":9143,"date":"2022-12-20T22:28:14","date_gmt":"2022-12-20T21:28:14","guid":{"rendered":"https:\/\/dp-freunde.de\/comm\/?p=9143"},"modified":"2023-12-07T22:52:01","modified_gmt":"2023-12-07T21:52:01","slug":"politische-gefangene-brieffreundinnen-gesucht","status":"publish","type":"post","link":"https:\/\/dp-freunde.de\/comm\/2022\/12\/politische-gefangene-brieffreundinnen-gesucht\/","title":{"rendered":"Politische Gefangene: BrieffreundInnen gesucht"},"content":{"rendered":"\n<p>Wer Interesse hat eine Brieffreundschaft zu beginnen, kann sich per E-Mail oder Post an den DPF Vorstand wenden. Wir w\u00fcrden eure Post dann weiterleiten.<strong> Danke.<\/strong><\/p>\n\n\n\n<!--more-->\n\n\n\n<p><em>Medy schreibt:<\/em><\/p>\n\n\n\n<p><em>Gestern, am 13.12.22 haben wir die weiblichen politischen Gefangenen im Correctional Institute for Women (CIW) in Mandaluyong City besucht und hatten eine kleine, aber fr\u00f6hliche Weihnachtsfeier. Im CIW sind neun weibliche politische Gefangene. <\/em><\/p>\n\n\n\n<p><em>Die J\u00fcngste, <strong>Lovely Jane<\/strong>, ist 24 Jahre alt, hat drei Kinder und ihr Mann Ricardo ist im Hochsicherheitsgef\u00e4ngnis New Bilibid in Muntinlupa untergebracht. <\/em><\/p>\n\n\n\n<p><em>Die \u00e4lteste politische Gefangene, <strong>Teresita<\/strong>, ist 65 Jahre alt.<\/em><\/p>\n\n\n\n<p><em>Lovely Jane und Teresita w\u00fcrden sich sehr \u00fcber Briefkontakte freuen. Die Briefe k\u00f6nnen an meine Adresse geschickt werden. Evan von der Organisation HUSTISYA und ich besuchen das Gef\u00e4ngnis CIW einma<\/em>l<em> im Monat.<\/em><\/p>\n","protected":false},"excerpt":{"rendered":"<p>Wer Interesse hat eine Brieffreundschaft zu beginnen, kann sich per E-Mail oder Post an den DPF Vorstand wenden. Wir w\u00fcrden eure Post dann weiterleiten. Danke.<\/p>\n","protected":false},"author":6,"featured_media":0,"comment_status":"closed","ping_status":"open","sticky":false,"template":"","format":"standard","meta":{"footnotes":""},"categories":[1],"tags":[],"class_list":["post-9143","post","type-post","status-publish","format-standard","hentry","category-allgemein"],"yoast_head":"<!-- This site is optimized with the Yoast SEO plugin v27.5 - https:\/\/yoast.com\/product\/yoast-seo-wordpress\/ -->\n<title>Politische Gefangene: BrieffreundInnen gesucht - Deutsch-Philippinische Freunde e.V.<\/title>\n<meta name=\"robots\" content=\"index, follow, max-snippet:-1, max-image-preview:large, max-video-preview:-1\" \/>\n<link rel=\"canonical\" href=\"https:\/\/dp-freunde.de\/comm\/2022\/12\/politische-gefangene-brieffreundinnen-gesucht\/\" \/>\n<meta property=\"og:locale\" content=\"de_DE\" \/>\n<meta property=\"og:type\" content=\"article\" \/>\n<meta property=\"og:title\" content=\"Politische Gefangene: BrieffreundInnen gesucht - Deutsch-Philippinische Freunde e.V.\" \/>\n<meta property=\"og:description\" content=\"Wer Interesse hat eine Brieffreundschaft zu beginnen, kann sich per E-Mail oder Post an den DPF Vorstand wenden. Wir w\u00fcrden eure Post dann weiterleiten. Danke.\" \/>\n<meta property=\"og:url\" content=\"https:\/\/dp-freunde.de\/comm\/2022\/12\/politische-gefangene-brieffreundinnen-gesucht\/\" \/>\n<meta property=\"og:site_name\" content=\"Deutsch-Philippinische Freunde e.V.\" \/>\n<meta property=\"article:published_time\" content=\"2022-12-20T21:28:14+00:00\" \/>\n<meta property=\"article:modified_time\" content=\"2023-12-07T21:52:01+00:00\" \/>\n<meta name=\"author\" content=\"Webmaster1\" \/>\n<meta name=\"twitter:card\" content=\"summary_large_image\" \/>\n<meta name=\"twitter:label1\" content=\"Verfasst von\" \/>\n\t<meta name=\"twitter:data1\" content=\"Webmaster1\" \/>\n\t<meta name=\"twitter:label2\" content=\"Gesch\u00e4tzte Lesezeit\" \/>\n\t<meta name=\"twitter:data2\" content=\"1\u00a0Minute\" \/>\n<script type=\"application\/ld+json\" class=\"yoast-schema-graph\">{\"@context\":\"https:\\\/\\\/schema.org\",\"@graph\":[{\"@type\":\"Article\",\"@id\":\"https:\\\/\\\/dp-freunde.de\\\/comm\\\/2022\\\/12\\\/politische-gefangene-brieffreundinnen-gesucht\\\/#article\",\"isPartOf\":{\"@id\":\"https:\\\/\\\/dp-freunde.de\\\/comm\\\/2022\\\/12\\\/politische-gefangene-brieffreundinnen-gesucht\\\/\"},\"author\":{\"name\":\"Webmaster1\",\"@id\":\"https:\\\/\\\/dp-freunde.de\\\/comm\\\/#\\\/schema\\\/person\\\/5283843684813fd75a5e3d0675c1100f\"},\"headline\":\"Politische Gefangene: BrieffreundInnen gesucht\",\"datePublished\":\"2022-12-20T21:28:14+00:00\",\"dateModified\":\"2023-12-07T21:52:01+00:00\",\"mainEntityOfPage\":{\"@id\":\"https:\\\/\\\/dp-freunde.de\\\/comm\\\/2022\\\/12\\\/politische-gefangene-brieffreundinnen-gesucht\\\/\"},\"wordCount\":132,\"inLanguage\":\"de\"},{\"@type\":\"WebPage\",\"@id\":\"https:\\\/\\\/dp-freunde.de\\\/comm\\\/2022\\\/12\\\/politische-gefangene-brieffreundinnen-gesucht\\\/\",\"url\":\"https:\\\/\\\/dp-freunde.de\\\/comm\\\/2022\\\/12\\\/politische-gefangene-brieffreundinnen-gesucht\\\/\",\"name\":\"Politische Gefangene: BrieffreundInnen gesucht - Deutsch-Philippinische Freunde e.V.\",\"isPartOf\":{\"@id\":\"https:\\\/\\\/dp-freunde.de\\\/comm\\\/#website\"},\"datePublished\":\"2022-12-20T21:28:14+00:00\",\"dateModified\":\"2023-12-07T21:52:01+00:00\",\"author\":{\"@id\":\"https:\\\/\\\/dp-freunde.de\\\/comm\\\/#\\\/schema\\\/person\\\/5283843684813fd75a5e3d0675c1100f\"},\"breadcrumb\":{\"@id\":\"https:\\\/\\\/dp-freunde.de\\\/comm\\\/2022\\\/12\\\/politische-gefangene-brieffreundinnen-gesucht\\\/#breadcrumb\"},\"inLanguage\":\"de\",\"potentialAction\":[{\"@type\":\"ReadAction\",\"target\":[\"https:\\\/\\\/dp-freunde.de\\\/comm\\\/2022\\\/12\\\/politische-gefangene-brieffreundinnen-gesucht\\\/\"]}]},{\"@type\":\"BreadcrumbList\",\"@id\":\"https:\\\/\\\/dp-freunde.de\\\/comm\\\/2022\\\/12\\\/politische-gefangene-brieffreundinnen-gesucht\\\/#breadcrumb\",\"itemListElement\":[{\"@type\":\"ListItem\",\"position\":1,\"name\":\"Startseite\",\"item\":\"https:\\\/\\\/dp-freunde.de\\\/comm\\\/\"},{\"@type\":\"ListItem\",\"position\":2,\"name\":\"Politische Gefangene: BrieffreundInnen gesucht\"}]},{\"@type\":\"WebSite\",\"@id\":\"https:\\\/\\\/dp-freunde.de\\\/comm\\\/#website\",\"url\":\"https:\\\/\\\/dp-freunde.de\\\/comm\\\/\",\"name\":\"Deutsch-Philippinische Freunde e.V.\",\"description\":\"Solidarische Hilfe bei gegenseitigem Respekt auf Augenh\u00f6he\",\"potentialAction\":[{\"@type\":\"SearchAction\",\"target\":{\"@type\":\"EntryPoint\",\"urlTemplate\":\"https:\\\/\\\/dp-freunde.de\\\/comm\\\/?s={search_term_string}\"},\"query-input\":{\"@type\":\"PropertyValueSpecification\",\"valueRequired\":true,\"valueName\":\"search_term_string\"}}],\"inLanguage\":\"de\"},{\"@type\":\"Person\",\"@id\":\"https:\\\/\\\/dp-freunde.de\\\/comm\\\/#\\\/schema\\\/person\\\/5283843684813fd75a5e3d0675c1100f\",\"name\":\"Webmaster1\"}]}<\/script>\n<!-- \/ Yoast SEO plugin. -->","yoast_head_json":{"title":"Politische Gefangene: BrieffreundInnen gesucht - Deutsch-Philippinische Freunde e.V.","robots":{"index":"index","follow":"follow","max-snippet":"max-snippet:-1","max-image-preview":"max-image-preview:large","max-video-preview":"max-video-preview:-1"},"canonical":"https:\/\/dp-freunde.de\/comm\/2022\/12\/politische-gefangene-brieffreundinnen-gesucht\/","og_locale":"de_DE","og_type":"article","og_title":"Politische Gefangene: BrieffreundInnen gesucht - Deutsch-Philippinische Freunde e.V.","og_description":"Wer Interesse hat eine Brieffreundschaft zu beginnen, kann sich per E-Mail oder Post an den DPF Vorstand wenden. Wir w\u00fcrden eure Post dann weiterleiten. Danke.","og_url":"https:\/\/dp-freunde.de\/comm\/2022\/12\/politische-gefangene-brieffreundinnen-gesucht\/","og_site_name":"Deutsch-Philippinische Freunde e.V.","article_published_time":"2022-12-20T21:28:14+00:00","article_modified_time":"2023-12-07T21:52:01+00:00","author":"Webmaster1","twitter_card":"summary_large_image","twitter_misc":{"Verfasst von":"Webmaster1","Gesch\u00e4tzte Lesezeit":"1\u00a0Minute"},"schema":{"@context":"https:\/\/schema.org","@graph":[{"@type":"Article","@id":"https:\/\/dp-freunde.de\/comm\/2022\/12\/politische-gefangene-brieffreundinnen-gesucht\/#article","isPartOf":{"@id":"https:\/\/dp-freunde.de\/comm\/2022\/12\/politische-gefangene-brieffreundinnen-gesucht\/"},"author":{"name":"Webmaster1","@id":"https:\/\/dp-freunde.de\/comm\/#\/schema\/person\/5283843684813fd75a5e3d0675c1100f"},"headline":"Politische Gefangene: BrieffreundInnen gesucht","datePublished":"2022-12-20T21:28:14+00:00","dateModified":"2023-12-07T21:52:01+00:00","mainEntityOfPage":{"@id":"https:\/\/dp-freunde.de\/comm\/2022\/12\/politische-gefangene-brieffreundinnen-gesucht\/"},"wordCount":132,"inLanguage":"de"},{"@type":"WebPage","@id":"https:\/\/dp-freunde.de\/comm\/2022\/12\/politische-gefangene-brieffreundinnen-gesucht\/","url":"https:\/\/dp-freunde.de\/comm\/2022\/12\/politische-gefangene-brieffreundinnen-gesucht\/","name":"Politische Gefangene: BrieffreundInnen gesucht - Deutsch-Philippinische Freunde e.V.","isPartOf":{"@id":"https:\/\/dp-freunde.de\/comm\/#website"},"datePublished":"2022-12-20T21:28:14+00:00","dateModified":"2023-12-07T21:52:01+00:00","author":{"@id":"https:\/\/dp-freunde.de\/comm\/#\/schema\/person\/5283843684813fd75a5e3d0675c1100f"},"breadcrumb":{"@id":"https:\/\/dp-freunde.de\/comm\/2022\/12\/politische-gefangene-brieffreundinnen-gesucht\/#breadcrumb"},"inLanguage":"de","potentialAction":[{"@type":"ReadAction","target":["https:\/\/dp-freunde.de\/comm\/2022\/12\/politische-gefangene-brieffreundinnen-gesucht\/"]}]},{"@type":"BreadcrumbList","@id":"https:\/\/dp-freunde.de\/comm\/2022\/12\/politische-gefangene-brieffreundinnen-gesucht\/#breadcrumb","itemListElement":[{"@type":"ListItem","position":1,"name":"Startseite","item":"https:\/\/dp-freunde.de\/comm\/"},{"@type":"ListItem","position":2,"name":"Politische Gefangene: BrieffreundInnen gesucht"}]},{"@type":"WebSite","@id":"https:\/\/dp-freunde.de\/comm\/#website","url":"https:\/\/dp-freunde.de\/comm\/","name":"Deutsch-Philippinische Freunde e.V.","description":"Solidarische Hilfe bei gegenseitigem Respekt auf Augenh\u00f6he","potentialAction":[{"@type":"SearchAction","target":{"@type":"EntryPoint","urlTemplate":"https:\/\/dp-freunde.de\/comm\/?s={search_term_string}"},"query-input":{"@type":"PropertyValueSpecification","valueRequired":true,"valueName":"search_term_string"}}],"inLanguage":"de"},{"@type":"Person","@id":"https:\/\/dp-freunde.de\/comm\/#\/schema\/person\/5283843684813fd75a5e3d0675c1100f","name":"Webmaster1"}]}},"_links":{"self":[{"href":"https:\/\/dp-freunde.de\/comm\/wp-json\/wp\/v2\/posts\/9143","targetHints":{"allow":["GET"]}}],"collection":[{"href":"https:\/\/dp-freunde.de\/comm\/wp-json\/wp\/v2\/posts"}],"about":[{"href":"https:\/\/dp-freunde.de\/comm\/wp-json\/wp\/v2\/types\/post"}],"author":[{"embeddable":true,"href":"https:\/\/dp-freunde.de\/comm\/wp-json\/wp\/v2\/users\/6"}],"replies":[{"embeddable":true,"href":"https:\/\/dp-freunde.de\/comm\/wp-json\/wp\/v2\/comments?post=9143"}],"version-history":[{"count":0,"href":"https:\/\/dp-freunde.de\/comm\/wp-json\/wp\/v2\/posts\/9143\/revisions"}],"wp:attachment":[{"href":"https:\/\/dp-freunde.de\/comm\/wp-json\/wp\/v2\/media?parent=9143"}],"wp:term":[{"taxonomy":"category","embeddable":true,"href":"https:\/\/dp-freunde.de\/comm\/wp-json\/wp\/v2\/categories?post=9143"},{"taxonomy":"post_tag","embeddable":true,"href":"https:\/\/dp-freunde.de\/comm\/wp-json\/wp\/v2\/tags?post=9143"}],"curies":[{"name":"wp","href":"https:\/\/api.w.org\/{rel}","templated":true}]}}