{"id":9923,"date":"2024-08-07T21:29:34","date_gmt":"2024-08-07T19:29:34","guid":{"rendered":"https:\/\/dp-freunde.de\/comm\/?p=9923"},"modified":"2024-08-07T21:29:36","modified_gmt":"2024-08-07T19:29:36","slug":"rote-fahne-news-solidaritaet-mit-unseren-kollegen-den-philippinischen-gewerkschaftern-ed-cubelo-und-rodrigo-esparago","status":"publish","type":"post","link":"https:\/\/dp-freunde.de\/comm\/2024\/08\/rote-fahne-news-solidaritaet-mit-unseren-kollegen-den-philippinischen-gewerkschaftern-ed-cubelo-und-rodrigo-esparago\/","title":{"rendered":"Rote Fahne News: Solidarit\u00e4t mit unseren Kollegen, den philippinischen Gewerkschaftern Ed Cubelo und Rodrigo Esparago!"},"content":{"rendered":"\n<p><a href=\"https:\/\/www.rf-news.de\/2024\/kw32\/solidaritaet-mit-unseren-kollegen-den-philippinischen-gewerkschaftern-ed-cubelo-und-rodrigo-esparago\">https:\/\/www.rf-news.de\/2024\/kw32\/solidaritaet-mit-unseren-kollegen-den-philippinischen-gewerkschaftern-ed-cubelo-und-rodrigo-esparago<\/a><\/p>\n\n\n\n<p>OFFENSIV &#8211; Initiative f\u00fcr eine k\u00e4mpferische gewerkschaftliche Betriebsratsarbeit bei Opel in Bochum teilt mit:<\/p>\n\n\n\n<p>Mittwoch,&nbsp; 07.08.2024,&nbsp; 18:00 Uhr<\/p>\n\n\n\n<figure class=\"wp-block-image\"><img decoding=\"async\" src=\"https:\/\/www.rf-news.de\/2024\/kw32\/solidaritaet-mit-unseren-kollegen-den-philippinischen-gewerkschaftern-ed-cubelo-und-rodrigo-esparago\/@@images\/image\/preview\" alt=\"Solidarit\u00e4t mit unseren Kollegen, den philippinischen Gewerkschaftern Ed Cubelo und Rodrigo Esparago!\" title=\"Solidarit\u00e4t mit unseren Kollegen, den philippinischen Gewerkschaftern Ed Cubelo und Rodrigo Esparago!\"\/><figcaption class=\"wp-element-caption\">Rodrigo Esparago und Ed Cubelo (von links) (foto: KMU)<\/figcaption><\/figure>\n\n\n\n<p>Wir protestieren aufs Sch\u00e4rfste gegen die politische Unterdr\u00fcckung unserer Kollegen Ed Cubelo und Rodrigo Esparago und den Versuch des philippinischen Regimes, gewerkschaftliche Aktivisten und Anf\u00fchrer auszuschalten. Sie werden zu Unrecht beschuldigt, gegen das Anti-Terror-Gesetz versto\u00dfen zu haben und werden mit Haftbefehl gesucht.<\/p>\n\n\n\n<p>Bei den k\u00e4mpferischen Automobilarbeitern in Deutschland ist Ed Cubelo bekannt: Er war immer eng verbunden mit unserem Kampf bei Opel in Bochum und teilte unsere Erfahrungen und Lehren aus unserem selbst\u00e4ndigen siebent\u00e4gigen Streik von 2004, der sich im Oktober dieses Jahres zum zwanzigsten Mal j\u00e4hrt.<\/p>\n\n\n\n<p>Beeindruckend und lehrreich f\u00fcr uns war, wie er den Arbeitskampf bei Toyota gegen die Entlassung von 237 Arbeitern im Jahr 2001 f\u00fchrte. Der Teilerfolg dieses Kampfs war Ergebnis der internationalen Kampagne \u201eK\u00e4mpfen ohne Grenzen &#8211; Fight without borders&#8220; \u2013 eine Losung, die auch dem Geist der Internationalen Automobilarbeiterkoordination entspricht!<\/p>\n\n\n\n<p>Wir unterst\u00fctzen uneingeschr\u00e4nkt die Forderung der Menschenrechtsgruppe NCR von Karapatan, die Anwendung des Anti-Terror-Gesetzes (ATA) von 2020 gegen Ed Cubelo und Rodrigo Esparago abzuweisen. Wir begr\u00fc\u00dfen ausdr\u00fccklich die Kundgebung am 10. Juli 2024, die von der philippinischen Gewerkschaft KMU und von Defend Jobs (Verteidigt Arbeitspl\u00e4tze) als Protest gegen die Verfolgung der beiden Gewerkschaftsf\u00fchrer organisiert wurde.<\/p>\n\n\n\n<p>Die Unterdr\u00fcckung von k\u00e4mpferischen Arbeitern in den Philippinen wie auch die Unterdr\u00fcckung, Bedrohung und Anschl\u00e4ge gegen linke politische und gewerkschaftliche Aktivisten in Deutschland m\u00fcssen entschieden bek\u00e4mpft und \u00fcberwunden werden. Hoch die internationale Solidarit\u00e4t!<\/p>\n","protected":false},"excerpt":{"rendered":"<p>https:\/\/www.rf-news.de\/2024\/kw32\/solidaritaet-mit-unseren-kollegen-den-philippinischen-gewerkschaftern-ed-cubelo-und-rodrigo-esparago OFFENSIV &#8211; Initiative f\u00fcr eine k\u00e4mpferische gewerkschaftliche Betriebsratsarbeit bei Opel in Bochum teilt mit: Mittwoch,&nbsp; 07.08.2024,&nbsp; 18:00 Uhr Wir protestieren aufs Sch\u00e4rfste gegen die politische Unterdr\u00fcckung unserer Kollegen Ed Cubelo und Rodrigo Esparago und den Versuch des philippinischen Regimes, &hellip;<\/p>\n<p class=\"read-more\"> <a class=\"more-link\" href=\"https:\/\/dp-freunde.de\/comm\/2024\/08\/rote-fahne-news-solidaritaet-mit-unseren-kollegen-den-philippinischen-gewerkschaftern-ed-cubelo-und-rodrigo-esparago\/\"> <span class=\"screen-reader-text\">Rote Fahne News: Solidarit\u00e4t mit unseren Kollegen, den philippinischen Gewerkschaftern Ed Cubelo und Rodrigo Esparago!<\/span> Weiterlesen &raquo;<\/a><\/p>\n","protected":false},"author":6,"featured_media":0,"comment_status":"closed","ping_status":"open","sticky":false,"template":"","format":"standard","meta":{"footnotes":""},"categories":[1],"tags":[],"class_list":["post-9923","post","type-post","status-publish","format-standard","hentry","category-allgemein"],"yoast_head":"<!-- This site is optimized with the Yoast SEO plugin v27.5 - https:\/\/yoast.com\/product\/yoast-seo-wordpress\/ -->\n<title>Rote Fahne News: Solidarit\u00e4t mit unseren Kollegen, den philippinischen Gewerkschaftern Ed Cubelo und Rodrigo Esparago! - Deutsch-Philippinische Freunde e.V.<\/title>\n<meta name=\"robots\" content=\"index, follow, max-snippet:-1, max-image-preview:large, max-video-preview:-1\" \/>\n<link rel=\"canonical\" href=\"https:\/\/dp-freunde.de\/comm\/2024\/08\/rote-fahne-news-solidaritaet-mit-unseren-kollegen-den-philippinischen-gewerkschaftern-ed-cubelo-und-rodrigo-esparago\/\" \/>\n<meta property=\"og:locale\" content=\"de_DE\" \/>\n<meta property=\"og:type\" content=\"article\" \/>\n<meta property=\"og:title\" content=\"Rote Fahne News: Solidarit\u00e4t mit unseren Kollegen, den philippinischen Gewerkschaftern Ed Cubelo und Rodrigo Esparago! - Deutsch-Philippinische Freunde e.V.\" \/>\n<meta property=\"og:description\" content=\"https:\/\/www.rf-news.de\/2024\/kw32\/solidaritaet-mit-unseren-kollegen-den-philippinischen-gewerkschaftern-ed-cubelo-und-rodrigo-esparago OFFENSIV &#8211; Initiative f\u00fcr eine k\u00e4mpferische gewerkschaftliche Betriebsratsarbeit bei Opel in Bochum teilt mit: Mittwoch,&nbsp; 07.08.2024,&nbsp; 18:00 Uhr Wir protestieren aufs Sch\u00e4rfste gegen die politische Unterdr\u00fcckung unserer Kollegen Ed Cubelo und Rodrigo Esparago und den Versuch des philippinischen Regimes, &hellip; Rote Fahne News: Solidarit\u00e4t mit unseren Kollegen, den philippinischen Gewerkschaftern Ed Cubelo und Rodrigo Esparago! Weiterlesen &raquo;\" \/>\n<meta property=\"og:url\" content=\"https:\/\/dp-freunde.de\/comm\/2024\/08\/rote-fahne-news-solidaritaet-mit-unseren-kollegen-den-philippinischen-gewerkschaftern-ed-cubelo-und-rodrigo-esparago\/\" \/>\n<meta property=\"og:site_name\" content=\"Deutsch-Philippinische Freunde e.V.\" \/>\n<meta property=\"article:published_time\" content=\"2024-08-07T19:29:34+00:00\" \/>\n<meta property=\"article:modified_time\" content=\"2024-08-07T19:29:36+00:00\" \/>\n<meta property=\"og:image\" content=\"https:\/\/www.rf-news.de\/2024\/kw32\/solidaritaet-mit-unseren-kollegen-den-philippinischen-gewerkschaftern-ed-cubelo-und-rodrigo-esparago\/@@images\/image\/preview\" \/>\n<meta name=\"author\" content=\"Webmaster1\" \/>\n<meta name=\"twitter:card\" content=\"summary_large_image\" \/>\n<meta name=\"twitter:label1\" content=\"Verfasst von\" \/>\n\t<meta name=\"twitter:data1\" content=\"Webmaster1\" \/>\n\t<meta name=\"twitter:label2\" content=\"Gesch\u00e4tzte Lesezeit\" \/>\n\t<meta name=\"twitter:data2\" content=\"2\u00a0Minuten\" \/>\n<script type=\"application\/ld+json\" class=\"yoast-schema-graph\">{\"@context\":\"https:\\\/\\\/schema.org\",\"@graph\":[{\"@type\":\"Article\",\"@id\":\"https:\\\/\\\/dp-freunde.de\\\/comm\\\/2024\\\/08\\\/rote-fahne-news-solidaritaet-mit-unseren-kollegen-den-philippinischen-gewerkschaftern-ed-cubelo-und-rodrigo-esparago\\\/#article\",\"isPartOf\":{\"@id\":\"https:\\\/\\\/dp-freunde.de\\\/comm\\\/2024\\\/08\\\/rote-fahne-news-solidaritaet-mit-unseren-kollegen-den-philippinischen-gewerkschaftern-ed-cubelo-und-rodrigo-esparago\\\/\"},\"author\":{\"name\":\"Webmaster1\",\"@id\":\"https:\\\/\\\/dp-freunde.de\\\/comm\\\/#\\\/schema\\\/person\\\/5283843684813fd75a5e3d0675c1100f\"},\"headline\":\"Rote Fahne News: Solidarit\u00e4t mit unseren Kollegen, den philippinischen Gewerkschaftern Ed Cubelo und Rodrigo Esparago!\",\"datePublished\":\"2024-08-07T19:29:34+00:00\",\"dateModified\":\"2024-08-07T19:29:36+00:00\",\"mainEntityOfPage\":{\"@id\":\"https:\\\/\\\/dp-freunde.de\\\/comm\\\/2024\\\/08\\\/rote-fahne-news-solidaritaet-mit-unseren-kollegen-den-philippinischen-gewerkschaftern-ed-cubelo-und-rodrigo-esparago\\\/\"},\"wordCount\":292,\"image\":{\"@id\":\"https:\\\/\\\/dp-freunde.de\\\/comm\\\/2024\\\/08\\\/rote-fahne-news-solidaritaet-mit-unseren-kollegen-den-philippinischen-gewerkschaftern-ed-cubelo-und-rodrigo-esparago\\\/#primaryimage\"},\"thumbnailUrl\":\"https:\\\/\\\/www.rf-news.de\\\/2024\\\/kw32\\\/solidaritaet-mit-unseren-kollegen-den-philippinischen-gewerkschaftern-ed-cubelo-und-rodrigo-esparago\\\/@@images\\\/image\\\/preview\",\"inLanguage\":\"de\"},{\"@type\":\"WebPage\",\"@id\":\"https:\\\/\\\/dp-freunde.de\\\/comm\\\/2024\\\/08\\\/rote-fahne-news-solidaritaet-mit-unseren-kollegen-den-philippinischen-gewerkschaftern-ed-cubelo-und-rodrigo-esparago\\\/\",\"url\":\"https:\\\/\\\/dp-freunde.de\\\/comm\\\/2024\\\/08\\\/rote-fahne-news-solidaritaet-mit-unseren-kollegen-den-philippinischen-gewerkschaftern-ed-cubelo-und-rodrigo-esparago\\\/\",\"name\":\"Rote Fahne News: Solidarit\u00e4t mit unseren Kollegen, den philippinischen Gewerkschaftern Ed Cubelo und Rodrigo Esparago! - Deutsch-Philippinische Freunde e.V.\",\"isPartOf\":{\"@id\":\"https:\\\/\\\/dp-freunde.de\\\/comm\\\/#website\"},\"primaryImageOfPage\":{\"@id\":\"https:\\\/\\\/dp-freunde.de\\\/comm\\\/2024\\\/08\\\/rote-fahne-news-solidaritaet-mit-unseren-kollegen-den-philippinischen-gewerkschaftern-ed-cubelo-und-rodrigo-esparago\\\/#primaryimage\"},\"image\":{\"@id\":\"https:\\\/\\\/dp-freunde.de\\\/comm\\\/2024\\\/08\\\/rote-fahne-news-solidaritaet-mit-unseren-kollegen-den-philippinischen-gewerkschaftern-ed-cubelo-und-rodrigo-esparago\\\/#primaryimage\"},\"thumbnailUrl\":\"https:\\\/\\\/www.rf-news.de\\\/2024\\\/kw32\\\/solidaritaet-mit-unseren-kollegen-den-philippinischen-gewerkschaftern-ed-cubelo-und-rodrigo-esparago\\\/@@images\\\/image\\\/preview\",\"datePublished\":\"2024-08-07T19:29:34+00:00\",\"dateModified\":\"2024-08-07T19:29:36+00:00\",\"author\":{\"@id\":\"https:\\\/\\\/dp-freunde.de\\\/comm\\\/#\\\/schema\\\/person\\\/5283843684813fd75a5e3d0675c1100f\"},\"breadcrumb\":{\"@id\":\"https:\\\/\\\/dp-freunde.de\\\/comm\\\/2024\\\/08\\\/rote-fahne-news-solidaritaet-mit-unseren-kollegen-den-philippinischen-gewerkschaftern-ed-cubelo-und-rodrigo-esparago\\\/#breadcrumb\"},\"inLanguage\":\"de\",\"potentialAction\":[{\"@type\":\"ReadAction\",\"target\":[\"https:\\\/\\\/dp-freunde.de\\\/comm\\\/2024\\\/08\\\/rote-fahne-news-solidaritaet-mit-unseren-kollegen-den-philippinischen-gewerkschaftern-ed-cubelo-und-rodrigo-esparago\\\/\"]}]},{\"@type\":\"ImageObject\",\"inLanguage\":\"de\",\"@id\":\"https:\\\/\\\/dp-freunde.de\\\/comm\\\/2024\\\/08\\\/rote-fahne-news-solidaritaet-mit-unseren-kollegen-den-philippinischen-gewerkschaftern-ed-cubelo-und-rodrigo-esparago\\\/#primaryimage\",\"url\":\"https:\\\/\\\/www.rf-news.de\\\/2024\\\/kw32\\\/solidaritaet-mit-unseren-kollegen-den-philippinischen-gewerkschaftern-ed-cubelo-und-rodrigo-esparago\\\/@@images\\\/image\\\/preview\",\"contentUrl\":\"https:\\\/\\\/www.rf-news.de\\\/2024\\\/kw32\\\/solidaritaet-mit-unseren-kollegen-den-philippinischen-gewerkschaftern-ed-cubelo-und-rodrigo-esparago\\\/@@images\\\/image\\\/preview\"},{\"@type\":\"BreadcrumbList\",\"@id\":\"https:\\\/\\\/dp-freunde.de\\\/comm\\\/2024\\\/08\\\/rote-fahne-news-solidaritaet-mit-unseren-kollegen-den-philippinischen-gewerkschaftern-ed-cubelo-und-rodrigo-esparago\\\/#breadcrumb\",\"itemListElement\":[{\"@type\":\"ListItem\",\"position\":1,\"name\":\"Startseite\",\"item\":\"https:\\\/\\\/dp-freunde.de\\\/comm\\\/\"},{\"@type\":\"ListItem\",\"position\":2,\"name\":\"Rote Fahne News: Solidarit\u00e4t mit unseren Kollegen, den philippinischen Gewerkschaftern Ed Cubelo und Rodrigo Esparago!\"}]},{\"@type\":\"WebSite\",\"@id\":\"https:\\\/\\\/dp-freunde.de\\\/comm\\\/#website\",\"url\":\"https:\\\/\\\/dp-freunde.de\\\/comm\\\/\",\"name\":\"Deutsch-Philippinische Freunde e.V.\",\"description\":\"Solidarische Hilfe bei gegenseitigem Respekt auf Augenh\u00f6he\",\"potentialAction\":[{\"@type\":\"SearchAction\",\"target\":{\"@type\":\"EntryPoint\",\"urlTemplate\":\"https:\\\/\\\/dp-freunde.de\\\/comm\\\/?s={search_term_string}\"},\"query-input\":{\"@type\":\"PropertyValueSpecification\",\"valueRequired\":true,\"valueName\":\"search_term_string\"}}],\"inLanguage\":\"de\"},{\"@type\":\"Person\",\"@id\":\"https:\\\/\\\/dp-freunde.de\\\/comm\\\/#\\\/schema\\\/person\\\/5283843684813fd75a5e3d0675c1100f\",\"name\":\"Webmaster1\"}]}<\/script>\n<!-- \/ Yoast SEO plugin. -->","yoast_head_json":{"title":"Rote Fahne News: Solidarit\u00e4t mit unseren Kollegen, den philippinischen Gewerkschaftern Ed Cubelo und Rodrigo Esparago! - Deutsch-Philippinische Freunde e.V.","robots":{"index":"index","follow":"follow","max-snippet":"max-snippet:-1","max-image-preview":"max-image-preview:large","max-video-preview":"max-video-preview:-1"},"canonical":"https:\/\/dp-freunde.de\/comm\/2024\/08\/rote-fahne-news-solidaritaet-mit-unseren-kollegen-den-philippinischen-gewerkschaftern-ed-cubelo-und-rodrigo-esparago\/","og_locale":"de_DE","og_type":"article","og_title":"Rote Fahne News: Solidarit\u00e4t mit unseren Kollegen, den philippinischen Gewerkschaftern Ed Cubelo und Rodrigo Esparago! - Deutsch-Philippinische Freunde e.V.","og_description":"https:\/\/www.rf-news.de\/2024\/kw32\/solidaritaet-mit-unseren-kollegen-den-philippinischen-gewerkschaftern-ed-cubelo-und-rodrigo-esparago OFFENSIV &#8211; Initiative f\u00fcr eine k\u00e4mpferische gewerkschaftliche Betriebsratsarbeit bei Opel in Bochum teilt mit: Mittwoch,&nbsp; 07.08.2024,&nbsp; 18:00 Uhr Wir protestieren aufs Sch\u00e4rfste gegen die politische Unterdr\u00fcckung unserer Kollegen Ed Cubelo und Rodrigo Esparago und den Versuch des philippinischen Regimes, &hellip; Rote Fahne News: Solidarit\u00e4t mit unseren Kollegen, den philippinischen Gewerkschaftern Ed Cubelo und Rodrigo Esparago! Weiterlesen &raquo;","og_url":"https:\/\/dp-freunde.de\/comm\/2024\/08\/rote-fahne-news-solidaritaet-mit-unseren-kollegen-den-philippinischen-gewerkschaftern-ed-cubelo-und-rodrigo-esparago\/","og_site_name":"Deutsch-Philippinische Freunde e.V.","article_published_time":"2024-08-07T19:29:34+00:00","article_modified_time":"2024-08-07T19:29:36+00:00","og_image":[{"url":"https:\/\/www.rf-news.de\/2024\/kw32\/solidaritaet-mit-unseren-kollegen-den-philippinischen-gewerkschaftern-ed-cubelo-und-rodrigo-esparago\/@@images\/image\/preview","type":"","width":"","height":""}],"author":"Webmaster1","twitter_card":"summary_large_image","twitter_misc":{"Verfasst von":"Webmaster1","Gesch\u00e4tzte Lesezeit":"2\u00a0Minuten"},"schema":{"@context":"https:\/\/schema.org","@graph":[{"@type":"Article","@id":"https:\/\/dp-freunde.de\/comm\/2024\/08\/rote-fahne-news-solidaritaet-mit-unseren-kollegen-den-philippinischen-gewerkschaftern-ed-cubelo-und-rodrigo-esparago\/#article","isPartOf":{"@id":"https:\/\/dp-freunde.de\/comm\/2024\/08\/rote-fahne-news-solidaritaet-mit-unseren-kollegen-den-philippinischen-gewerkschaftern-ed-cubelo-und-rodrigo-esparago\/"},"author":{"name":"Webmaster1","@id":"https:\/\/dp-freunde.de\/comm\/#\/schema\/person\/5283843684813fd75a5e3d0675c1100f"},"headline":"Rote Fahne News: Solidarit\u00e4t mit unseren Kollegen, den philippinischen Gewerkschaftern Ed Cubelo und Rodrigo Esparago!","datePublished":"2024-08-07T19:29:34+00:00","dateModified":"2024-08-07T19:29:36+00:00","mainEntityOfPage":{"@id":"https:\/\/dp-freunde.de\/comm\/2024\/08\/rote-fahne-news-solidaritaet-mit-unseren-kollegen-den-philippinischen-gewerkschaftern-ed-cubelo-und-rodrigo-esparago\/"},"wordCount":292,"image":{"@id":"https:\/\/dp-freunde.de\/comm\/2024\/08\/rote-fahne-news-solidaritaet-mit-unseren-kollegen-den-philippinischen-gewerkschaftern-ed-cubelo-und-rodrigo-esparago\/#primaryimage"},"thumbnailUrl":"https:\/\/www.rf-news.de\/2024\/kw32\/solidaritaet-mit-unseren-kollegen-den-philippinischen-gewerkschaftern-ed-cubelo-und-rodrigo-esparago\/@@images\/image\/preview","inLanguage":"de"},{"@type":"WebPage","@id":"https:\/\/dp-freunde.de\/comm\/2024\/08\/rote-fahne-news-solidaritaet-mit-unseren-kollegen-den-philippinischen-gewerkschaftern-ed-cubelo-und-rodrigo-esparago\/","url":"https:\/\/dp-freunde.de\/comm\/2024\/08\/rote-fahne-news-solidaritaet-mit-unseren-kollegen-den-philippinischen-gewerkschaftern-ed-cubelo-und-rodrigo-esparago\/","name":"Rote Fahne News: Solidarit\u00e4t mit unseren Kollegen, den philippinischen Gewerkschaftern Ed Cubelo und Rodrigo Esparago! - Deutsch-Philippinische Freunde e.V.","isPartOf":{"@id":"https:\/\/dp-freunde.de\/comm\/#website"},"primaryImageOfPage":{"@id":"https:\/\/dp-freunde.de\/comm\/2024\/08\/rote-fahne-news-solidaritaet-mit-unseren-kollegen-den-philippinischen-gewerkschaftern-ed-cubelo-und-rodrigo-esparago\/#primaryimage"},"image":{"@id":"https:\/\/dp-freunde.de\/comm\/2024\/08\/rote-fahne-news-solidaritaet-mit-unseren-kollegen-den-philippinischen-gewerkschaftern-ed-cubelo-und-rodrigo-esparago\/#primaryimage"},"thumbnailUrl":"https:\/\/www.rf-news.de\/2024\/kw32\/solidaritaet-mit-unseren-kollegen-den-philippinischen-gewerkschaftern-ed-cubelo-und-rodrigo-esparago\/@@images\/image\/preview","datePublished":"2024-08-07T19:29:34+00:00","dateModified":"2024-08-07T19:29:36+00:00","author":{"@id":"https:\/\/dp-freunde.de\/comm\/#\/schema\/person\/5283843684813fd75a5e3d0675c1100f"},"breadcrumb":{"@id":"https:\/\/dp-freunde.de\/comm\/2024\/08\/rote-fahne-news-solidaritaet-mit-unseren-kollegen-den-philippinischen-gewerkschaftern-ed-cubelo-und-rodrigo-esparago\/#breadcrumb"},"inLanguage":"de","potentialAction":[{"@type":"ReadAction","target":["https:\/\/dp-freunde.de\/comm\/2024\/08\/rote-fahne-news-solidaritaet-mit-unseren-kollegen-den-philippinischen-gewerkschaftern-ed-cubelo-und-rodrigo-esparago\/"]}]},{"@type":"ImageObject","inLanguage":"de","@id":"https:\/\/dp-freunde.de\/comm\/2024\/08\/rote-fahne-news-solidaritaet-mit-unseren-kollegen-den-philippinischen-gewerkschaftern-ed-cubelo-und-rodrigo-esparago\/#primaryimage","url":"https:\/\/www.rf-news.de\/2024\/kw32\/solidaritaet-mit-unseren-kollegen-den-philippinischen-gewerkschaftern-ed-cubelo-und-rodrigo-esparago\/@@images\/image\/preview","contentUrl":"https:\/\/www.rf-news.de\/2024\/kw32\/solidaritaet-mit-unseren-kollegen-den-philippinischen-gewerkschaftern-ed-cubelo-und-rodrigo-esparago\/@@images\/image\/preview"},{"@type":"BreadcrumbList","@id":"https:\/\/dp-freunde.de\/comm\/2024\/08\/rote-fahne-news-solidaritaet-mit-unseren-kollegen-den-philippinischen-gewerkschaftern-ed-cubelo-und-rodrigo-esparago\/#breadcrumb","itemListElement":[{"@type":"ListItem","position":1,"name":"Startseite","item":"https:\/\/dp-freunde.de\/comm\/"},{"@type":"ListItem","position":2,"name":"Rote Fahne News: Solidarit\u00e4t mit unseren Kollegen, den philippinischen Gewerkschaftern Ed Cubelo und Rodrigo Esparago!"}]},{"@type":"WebSite","@id":"https:\/\/dp-freunde.de\/comm\/#website","url":"https:\/\/dp-freunde.de\/comm\/","name":"Deutsch-Philippinische Freunde e.V.","description":"Solidarische Hilfe bei gegenseitigem Respekt auf Augenh\u00f6he","potentialAction":[{"@type":"SearchAction","target":{"@type":"EntryPoint","urlTemplate":"https:\/\/dp-freunde.de\/comm\/?s={search_term_string}"},"query-input":{"@type":"PropertyValueSpecification","valueRequired":true,"valueName":"search_term_string"}}],"inLanguage":"de"},{"@type":"Person","@id":"https:\/\/dp-freunde.de\/comm\/#\/schema\/person\/5283843684813fd75a5e3d0675c1100f","name":"Webmaster1"}]}},"_links":{"self":[{"href":"https:\/\/dp-freunde.de\/comm\/wp-json\/wp\/v2\/posts\/9923","targetHints":{"allow":["GET"]}}],"collection":[{"href":"https:\/\/dp-freunde.de\/comm\/wp-json\/wp\/v2\/posts"}],"about":[{"href":"https:\/\/dp-freunde.de\/comm\/wp-json\/wp\/v2\/types\/post"}],"author":[{"embeddable":true,"href":"https:\/\/dp-freunde.de\/comm\/wp-json\/wp\/v2\/users\/6"}],"replies":[{"embeddable":true,"href":"https:\/\/dp-freunde.de\/comm\/wp-json\/wp\/v2\/comments?post=9923"}],"version-history":[{"count":0,"href":"https:\/\/dp-freunde.de\/comm\/wp-json\/wp\/v2\/posts\/9923\/revisions"}],"wp:attachment":[{"href":"https:\/\/dp-freunde.de\/comm\/wp-json\/wp\/v2\/media?parent=9923"}],"wp:term":[{"taxonomy":"category","embeddable":true,"href":"https:\/\/dp-freunde.de\/comm\/wp-json\/wp\/v2\/categories?post=9923"},{"taxonomy":"post_tag","embeddable":true,"href":"https:\/\/dp-freunde.de\/comm\/wp-json\/wp\/v2\/tags?post=9923"}],"curies":[{"name":"wp","href":"https:\/\/api.w.org\/{rel}","templated":true}]}}