{"id":9935,"date":"2024-08-01T19:58:02","date_gmt":"2024-08-01T17:58:02","guid":{"rendered":"https:\/\/dp-freunde.de\/comm\/?p=9935"},"modified":"2024-08-11T20:03:43","modified_gmt":"2024-08-11T18:03:43","slug":"solidaritaets-erklaerung-mit-den-arbeiteraktivisten-ed-cubelo-und-rodrigo-esparago","status":"publish","type":"post","link":"https:\/\/dp-freunde.de\/comm\/2024\/08\/solidaritaets-erklaerung-mit-den-arbeiteraktivisten-ed-cubelo-und-rodrigo-esparago\/","title":{"rendered":"Solidarit\u00e4ts-Erkl\u00e4rung mit den Arbeiteraktivisten Ed Cubelo und Rodrigo Esparago"},"content":{"rendered":"\n<p><strong>Deutsch-Philippinische Freunde e.V.<\/strong><\/p>\n\n\n\n<p>D\u00fcsseldorf, 1. August 2024<\/p>\n\n\n\n<p><strong>Solidarit\u00e4ts-Erkl\u00e4rung mit den Arbeiteraktivisten Ed Cubelo und Rodrigo Esparago<\/strong><\/p>\n\n\n\n<p>Liebe Freunde bei der KMU, der KMU\/NCR, Arbeiterschule Crispin Beltran und Defend Jobs Philippines!<\/p>\n\n\n\n<p>Wir h\u00f6rten \u00fcber die Pressever\u00f6ffentlichungen von Eurer Protestaktion am 10. Juli 2024 f\u00fcr die Aufhebung der Anschuldigungen gegen Ed Cubelo und Rodrigo Esparago, aber auch andere Aktivisten wegen Versto\u00dfes gegen die Anti-Terrorgesetze.<\/p>\n\n\n\n<p>Wir kennen Ed Cubelo, auch durch Besuche, pers\u00f6nlich und sch\u00e4tzen seinen Einsatz f\u00fcr Arbeiterrechte und gewerkschaftliche Organisierung sehr hoch. Besonders f\u00f6rderte er den Austausch von Organisationserfahrungen im Kampf der Arbeiter gegen die international agierenden Autokonzerne.<\/p>\n\n\n\n<p>Die Anschuldigungen gegen Ed Cubelo und Rodrigo Esparago dienen dazu, gewerkschaftliche Aktivisten und Anf\u00fchrer auszuschalten. So werden die rechtlichen M\u00f6glichkeiten des Anti-Terrorgesetzes gegen das Recht auf Organisation f\u00fcr seine Arbeits- und Lebensbedingungen angewandt. Wir unterst\u00fctzen unbedingt die Forderung der Menschenrechtsgruppe NCR von Karapatan die Anwendung des Anti-Terror-Gesetzes (ATA) von 2020 gegen die Arbeiteraktivisten Ed Cubelo und Rodrigo Esparago abzuweisen.<\/p>\n\n\n\n<p>Wir sind gegen diese Unterdr\u00fcckung von k\u00e4mpferischen Arbeitern in den Philippinen wie wir auch gegen die Unterdr\u00fcckung, Bedrohung und Anschl\u00e4ge gegen linke politische und gewerkschaftliche Aktivisten in Deutschland sind von denen wir in den letzten Wochen vor allem aus dem Land Th\u00fcringen h\u00f6ren mussten.<\/p>\n\n\n\n<p>Wir w\u00fcnschen Eurer Solidarit\u00e4tsarbeit vollen Erfolg!<\/p>\n\n\n\n<p>f\u00fcr den Vorstand der Deutsch-Philippinischen Freunde e.V.<\/p>\n\n\n\n<p>Dagmar Eberhard, Julia Schatten<\/p>\n\n\n\n<pre class=\"wp-block-preformatted\"> Foto: KMU<\/pre>\n\n\n\n<div data-wp-interactive=\"core\/file\" class=\"wp-block-file\"><object data-wp-bind--hidden=\"!state.hasPdfPreview\" hidden class=\"wp-block-file__embed\" data=\"https:\/\/dp-freunde.de\/comm\/wp-content\/uploads\/2024\/08\/240801-GFF-Germany-to-Philippines-Protest-against-the-ATA-attacks-on-Labor-Activists.pdf\" type=\"application\/pdf\" style=\"width:100%;height:600px\" aria-label=\"Einbettung von 240801 GFF Germany to Philippines Protest against the ATA attacks on Labor Activists.\"><\/object><a id=\"wp-block-file--media-59b5d74a-57b4-4db4-ab3d-99ebd34375ab\" href=\"https:\/\/dp-freunde.de\/comm\/wp-content\/uploads\/2024\/08\/240801-GFF-Germany-to-Philippines-Protest-against-the-ATA-attacks-on-Labor-Activists.pdf\">240801 GFF Germany to Philippines Protest against the ATA attacks on Labor Activists<\/a><a href=\"https:\/\/dp-freunde.de\/comm\/wp-content\/uploads\/2024\/08\/240801-GFF-Germany-to-Philippines-Protest-against-the-ATA-attacks-on-Labor-Activists.pdf\" class=\"wp-block-file__button wp-element-button\" download aria-describedby=\"wp-block-file--media-59b5d74a-57b4-4db4-ab3d-99ebd34375ab\">Herunterladen<\/a><\/div>\n\n\n\n<div data-wp-interactive=\"core\/file\" class=\"wp-block-file\"><object data-wp-bind--hidden=\"!state.hasPdfPreview\" hidden class=\"wp-block-file__embed\" data=\"https:\/\/dp-freunde.de\/comm\/wp-content\/uploads\/2024\/08\/240803-DPF-in-die-Philippinen-Protest-gegen-die-Angriffe-auf-Gewerkschaftsaktivisten.pdf\" type=\"application\/pdf\" style=\"width:100%;height:600px\" aria-label=\"Einbettung von 240803 DPF in die Philippinen Protest gegen die Angriffe auf Gewerkschaftsaktivisten.\"><\/object><a id=\"wp-block-file--media-45bf1380-3d8e-4878-bd5f-d7aa975a459a\" href=\"https:\/\/dp-freunde.de\/comm\/wp-content\/uploads\/2024\/08\/240803-DPF-in-die-Philippinen-Protest-gegen-die-Angriffe-auf-Gewerkschaftsaktivisten.pdf\">240803 DPF in die Philippinen Protest gegen die Angriffe auf Gewerkschaftsaktivisten<\/a><a href=\"https:\/\/dp-freunde.de\/comm\/wp-content\/uploads\/2024\/08\/240803-DPF-in-die-Philippinen-Protest-gegen-die-Angriffe-auf-Gewerkschaftsaktivisten.pdf\" class=\"wp-block-file__button wp-element-button\" download aria-describedby=\"wp-block-file--media-45bf1380-3d8e-4878-bd5f-d7aa975a459a\">Herunterladen<\/a><\/div>\n","protected":false},"excerpt":{"rendered":"<p>Deutsch-Philippinische Freunde e.V. D\u00fcsseldorf, 1. August 2024 Solidarit\u00e4ts-Erkl\u00e4rung mit den Arbeiteraktivisten Ed Cubelo und Rodrigo Esparago Liebe Freunde bei der KMU, der KMU\/NCR, Arbeiterschule Crispin Beltran und Defend Jobs Philippines! Wir h\u00f6rten \u00fcber die Pressever\u00f6ffentlichungen von Eurer Protestaktion am 10. &hellip;<\/p>\n<p class=\"read-more\"> <a class=\"more-link\" href=\"https:\/\/dp-freunde.de\/comm\/2024\/08\/solidaritaets-erklaerung-mit-den-arbeiteraktivisten-ed-cubelo-und-rodrigo-esparago\/\"> <span class=\"screen-reader-text\">Solidarit\u00e4ts-Erkl\u00e4rung mit den Arbeiteraktivisten Ed Cubelo und Rodrigo Esparago<\/span> Weiterlesen &raquo;<\/a><\/p>\n","protected":false},"author":6,"featured_media":9936,"comment_status":"closed","ping_status":"open","sticky":false,"template":"","format":"standard","meta":{"footnotes":""},"categories":[1],"tags":[],"class_list":["post-9935","post","type-post","status-publish","format-standard","has-post-thumbnail","hentry","category-allgemein"],"yoast_head":"<!-- This site is optimized with the Yoast SEO plugin v27.5 - https:\/\/yoast.com\/product\/yoast-seo-wordpress\/ -->\n<title>Solidarit\u00e4ts-Erkl\u00e4rung mit den Arbeiteraktivisten Ed Cubelo und Rodrigo Esparago - Deutsch-Philippinische Freunde e.V.<\/title>\n<meta name=\"robots\" content=\"index, follow, max-snippet:-1, max-image-preview:large, max-video-preview:-1\" \/>\n<link rel=\"canonical\" href=\"https:\/\/dp-freunde.de\/comm\/2024\/08\/solidaritaets-erklaerung-mit-den-arbeiteraktivisten-ed-cubelo-und-rodrigo-esparago\/\" \/>\n<meta property=\"og:locale\" content=\"de_DE\" \/>\n<meta property=\"og:type\" content=\"article\" \/>\n<meta property=\"og:title\" content=\"Solidarit\u00e4ts-Erkl\u00e4rung mit den Arbeiteraktivisten Ed Cubelo und Rodrigo Esparago - Deutsch-Philippinische Freunde e.V.\" \/>\n<meta property=\"og:description\" content=\"Deutsch-Philippinische Freunde e.V. D\u00fcsseldorf, 1. August 2024 Solidarit\u00e4ts-Erkl\u00e4rung mit den Arbeiteraktivisten Ed Cubelo und Rodrigo Esparago Liebe Freunde bei der KMU, der KMU\/NCR, Arbeiterschule Crispin Beltran und Defend Jobs Philippines! Wir h\u00f6rten \u00fcber die Pressever\u00f6ffentlichungen von Eurer Protestaktion am 10. &hellip; Solidarit\u00e4ts-Erkl\u00e4rung mit den Arbeiteraktivisten Ed Cubelo und Rodrigo Esparago Weiterlesen &raquo;\" \/>\n<meta property=\"og:url\" content=\"https:\/\/dp-freunde.de\/comm\/2024\/08\/solidaritaets-erklaerung-mit-den-arbeiteraktivisten-ed-cubelo-und-rodrigo-esparago\/\" \/>\n<meta property=\"og:site_name\" content=\"Deutsch-Philippinische Freunde e.V.\" \/>\n<meta property=\"article:published_time\" content=\"2024-08-01T17:58:02+00:00\" \/>\n<meta property=\"article:modified_time\" content=\"2024-08-11T18:03:43+00:00\" \/>\n<meta property=\"og:image\" content=\"https:\/\/dp-freunde.de\/comm\/wp-content\/uploads\/2024\/08\/Bild_KMU.png\" \/>\n\t<meta property=\"og:image:width\" content=\"2160\" \/>\n\t<meta property=\"og:image:height\" content=\"2160\" \/>\n\t<meta property=\"og:image:type\" content=\"image\/png\" \/>\n<meta name=\"author\" content=\"Webmaster1\" \/>\n<meta name=\"twitter:card\" content=\"summary_large_image\" \/>\n<meta name=\"twitter:label1\" content=\"Verfasst von\" \/>\n\t<meta name=\"twitter:data1\" content=\"Webmaster1\" \/>\n\t<meta name=\"twitter:label2\" content=\"Gesch\u00e4tzte Lesezeit\" \/>\n\t<meta name=\"twitter:data2\" content=\"2\u00a0Minuten\" \/>\n<script type=\"application\/ld+json\" class=\"yoast-schema-graph\">{\"@context\":\"https:\\\/\\\/schema.org\",\"@graph\":[{\"@type\":\"Article\",\"@id\":\"https:\\\/\\\/dp-freunde.de\\\/comm\\\/2024\\\/08\\\/solidaritaets-erklaerung-mit-den-arbeiteraktivisten-ed-cubelo-und-rodrigo-esparago\\\/#article\",\"isPartOf\":{\"@id\":\"https:\\\/\\\/dp-freunde.de\\\/comm\\\/2024\\\/08\\\/solidaritaets-erklaerung-mit-den-arbeiteraktivisten-ed-cubelo-und-rodrigo-esparago\\\/\"},\"author\":{\"name\":\"Webmaster1\",\"@id\":\"https:\\\/\\\/dp-freunde.de\\\/comm\\\/#\\\/schema\\\/person\\\/5283843684813fd75a5e3d0675c1100f\"},\"headline\":\"Solidarit\u00e4ts-Erkl\u00e4rung mit den Arbeiteraktivisten Ed Cubelo und Rodrigo Esparago\",\"datePublished\":\"2024-08-01T17:58:02+00:00\",\"dateModified\":\"2024-08-11T18:03:43+00:00\",\"mainEntityOfPage\":{\"@id\":\"https:\\\/\\\/dp-freunde.de\\\/comm\\\/2024\\\/08\\\/solidaritaets-erklaerung-mit-den-arbeiteraktivisten-ed-cubelo-und-rodrigo-esparago\\\/\"},\"wordCount\":274,\"image\":{\"@id\":\"https:\\\/\\\/dp-freunde.de\\\/comm\\\/2024\\\/08\\\/solidaritaets-erklaerung-mit-den-arbeiteraktivisten-ed-cubelo-und-rodrigo-esparago\\\/#primaryimage\"},\"thumbnailUrl\":\"https:\\\/\\\/dp-freunde.de\\\/comm\\\/wp-content\\\/uploads\\\/2024\\\/08\\\/Bild_KMU.png\",\"inLanguage\":\"de\"},{\"@type\":\"WebPage\",\"@id\":\"https:\\\/\\\/dp-freunde.de\\\/comm\\\/2024\\\/08\\\/solidaritaets-erklaerung-mit-den-arbeiteraktivisten-ed-cubelo-und-rodrigo-esparago\\\/\",\"url\":\"https:\\\/\\\/dp-freunde.de\\\/comm\\\/2024\\\/08\\\/solidaritaets-erklaerung-mit-den-arbeiteraktivisten-ed-cubelo-und-rodrigo-esparago\\\/\",\"name\":\"Solidarit\u00e4ts-Erkl\u00e4rung mit den Arbeiteraktivisten Ed Cubelo und Rodrigo Esparago - Deutsch-Philippinische Freunde e.V.\",\"isPartOf\":{\"@id\":\"https:\\\/\\\/dp-freunde.de\\\/comm\\\/#website\"},\"primaryImageOfPage\":{\"@id\":\"https:\\\/\\\/dp-freunde.de\\\/comm\\\/2024\\\/08\\\/solidaritaets-erklaerung-mit-den-arbeiteraktivisten-ed-cubelo-und-rodrigo-esparago\\\/#primaryimage\"},\"image\":{\"@id\":\"https:\\\/\\\/dp-freunde.de\\\/comm\\\/2024\\\/08\\\/solidaritaets-erklaerung-mit-den-arbeiteraktivisten-ed-cubelo-und-rodrigo-esparago\\\/#primaryimage\"},\"thumbnailUrl\":\"https:\\\/\\\/dp-freunde.de\\\/comm\\\/wp-content\\\/uploads\\\/2024\\\/08\\\/Bild_KMU.png\",\"datePublished\":\"2024-08-01T17:58:02+00:00\",\"dateModified\":\"2024-08-11T18:03:43+00:00\",\"author\":{\"@id\":\"https:\\\/\\\/dp-freunde.de\\\/comm\\\/#\\\/schema\\\/person\\\/5283843684813fd75a5e3d0675c1100f\"},\"breadcrumb\":{\"@id\":\"https:\\\/\\\/dp-freunde.de\\\/comm\\\/2024\\\/08\\\/solidaritaets-erklaerung-mit-den-arbeiteraktivisten-ed-cubelo-und-rodrigo-esparago\\\/#breadcrumb\"},\"inLanguage\":\"de\",\"potentialAction\":[{\"@type\":\"ReadAction\",\"target\":[\"https:\\\/\\\/dp-freunde.de\\\/comm\\\/2024\\\/08\\\/solidaritaets-erklaerung-mit-den-arbeiteraktivisten-ed-cubelo-und-rodrigo-esparago\\\/\"]}]},{\"@type\":\"ImageObject\",\"inLanguage\":\"de\",\"@id\":\"https:\\\/\\\/dp-freunde.de\\\/comm\\\/2024\\\/08\\\/solidaritaets-erklaerung-mit-den-arbeiteraktivisten-ed-cubelo-und-rodrigo-esparago\\\/#primaryimage\",\"url\":\"https:\\\/\\\/dp-freunde.de\\\/comm\\\/wp-content\\\/uploads\\\/2024\\\/08\\\/Bild_KMU.png\",\"contentUrl\":\"https:\\\/\\\/dp-freunde.de\\\/comm\\\/wp-content\\\/uploads\\\/2024\\\/08\\\/Bild_KMU.png\",\"width\":2160,\"height\":2160},{\"@type\":\"BreadcrumbList\",\"@id\":\"https:\\\/\\\/dp-freunde.de\\\/comm\\\/2024\\\/08\\\/solidaritaets-erklaerung-mit-den-arbeiteraktivisten-ed-cubelo-und-rodrigo-esparago\\\/#breadcrumb\",\"itemListElement\":[{\"@type\":\"ListItem\",\"position\":1,\"name\":\"Startseite\",\"item\":\"https:\\\/\\\/dp-freunde.de\\\/comm\\\/\"},{\"@type\":\"ListItem\",\"position\":2,\"name\":\"Solidarit\u00e4ts-Erkl\u00e4rung mit den Arbeiteraktivisten Ed Cubelo und Rodrigo Esparago\"}]},{\"@type\":\"WebSite\",\"@id\":\"https:\\\/\\\/dp-freunde.de\\\/comm\\\/#website\",\"url\":\"https:\\\/\\\/dp-freunde.de\\\/comm\\\/\",\"name\":\"Deutsch-Philippinische Freunde e.V.\",\"description\":\"Solidarische Hilfe bei gegenseitigem Respekt auf Augenh\u00f6he\",\"potentialAction\":[{\"@type\":\"SearchAction\",\"target\":{\"@type\":\"EntryPoint\",\"urlTemplate\":\"https:\\\/\\\/dp-freunde.de\\\/comm\\\/?s={search_term_string}\"},\"query-input\":{\"@type\":\"PropertyValueSpecification\",\"valueRequired\":true,\"valueName\":\"search_term_string\"}}],\"inLanguage\":\"de\"},{\"@type\":\"Person\",\"@id\":\"https:\\\/\\\/dp-freunde.de\\\/comm\\\/#\\\/schema\\\/person\\\/5283843684813fd75a5e3d0675c1100f\",\"name\":\"Webmaster1\"}]}<\/script>\n<!-- \/ Yoast SEO plugin. -->","yoast_head_json":{"title":"Solidarit\u00e4ts-Erkl\u00e4rung mit den Arbeiteraktivisten Ed Cubelo und Rodrigo Esparago - Deutsch-Philippinische Freunde e.V.","robots":{"index":"index","follow":"follow","max-snippet":"max-snippet:-1","max-image-preview":"max-image-preview:large","max-video-preview":"max-video-preview:-1"},"canonical":"https:\/\/dp-freunde.de\/comm\/2024\/08\/solidaritaets-erklaerung-mit-den-arbeiteraktivisten-ed-cubelo-und-rodrigo-esparago\/","og_locale":"de_DE","og_type":"article","og_title":"Solidarit\u00e4ts-Erkl\u00e4rung mit den Arbeiteraktivisten Ed Cubelo und Rodrigo Esparago - Deutsch-Philippinische Freunde e.V.","og_description":"Deutsch-Philippinische Freunde e.V. D\u00fcsseldorf, 1. August 2024 Solidarit\u00e4ts-Erkl\u00e4rung mit den Arbeiteraktivisten Ed Cubelo und Rodrigo Esparago Liebe Freunde bei der KMU, der KMU\/NCR, Arbeiterschule Crispin Beltran und Defend Jobs Philippines! Wir h\u00f6rten \u00fcber die Pressever\u00f6ffentlichungen von Eurer Protestaktion am 10. &hellip; Solidarit\u00e4ts-Erkl\u00e4rung mit den Arbeiteraktivisten Ed Cubelo und Rodrigo Esparago Weiterlesen &raquo;","og_url":"https:\/\/dp-freunde.de\/comm\/2024\/08\/solidaritaets-erklaerung-mit-den-arbeiteraktivisten-ed-cubelo-und-rodrigo-esparago\/","og_site_name":"Deutsch-Philippinische Freunde e.V.","article_published_time":"2024-08-01T17:58:02+00:00","article_modified_time":"2024-08-11T18:03:43+00:00","og_image":[{"width":2160,"height":2160,"url":"https:\/\/dp-freunde.de\/comm\/wp-content\/uploads\/2024\/08\/Bild_KMU.png","type":"image\/png"}],"author":"Webmaster1","twitter_card":"summary_large_image","twitter_misc":{"Verfasst von":"Webmaster1","Gesch\u00e4tzte Lesezeit":"2\u00a0Minuten"},"schema":{"@context":"https:\/\/schema.org","@graph":[{"@type":"Article","@id":"https:\/\/dp-freunde.de\/comm\/2024\/08\/solidaritaets-erklaerung-mit-den-arbeiteraktivisten-ed-cubelo-und-rodrigo-esparago\/#article","isPartOf":{"@id":"https:\/\/dp-freunde.de\/comm\/2024\/08\/solidaritaets-erklaerung-mit-den-arbeiteraktivisten-ed-cubelo-und-rodrigo-esparago\/"},"author":{"name":"Webmaster1","@id":"https:\/\/dp-freunde.de\/comm\/#\/schema\/person\/5283843684813fd75a5e3d0675c1100f"},"headline":"Solidarit\u00e4ts-Erkl\u00e4rung mit den Arbeiteraktivisten Ed Cubelo und Rodrigo Esparago","datePublished":"2024-08-01T17:58:02+00:00","dateModified":"2024-08-11T18:03:43+00:00","mainEntityOfPage":{"@id":"https:\/\/dp-freunde.de\/comm\/2024\/08\/solidaritaets-erklaerung-mit-den-arbeiteraktivisten-ed-cubelo-und-rodrigo-esparago\/"},"wordCount":274,"image":{"@id":"https:\/\/dp-freunde.de\/comm\/2024\/08\/solidaritaets-erklaerung-mit-den-arbeiteraktivisten-ed-cubelo-und-rodrigo-esparago\/#primaryimage"},"thumbnailUrl":"https:\/\/dp-freunde.de\/comm\/wp-content\/uploads\/2024\/08\/Bild_KMU.png","inLanguage":"de"},{"@type":"WebPage","@id":"https:\/\/dp-freunde.de\/comm\/2024\/08\/solidaritaets-erklaerung-mit-den-arbeiteraktivisten-ed-cubelo-und-rodrigo-esparago\/","url":"https:\/\/dp-freunde.de\/comm\/2024\/08\/solidaritaets-erklaerung-mit-den-arbeiteraktivisten-ed-cubelo-und-rodrigo-esparago\/","name":"Solidarit\u00e4ts-Erkl\u00e4rung mit den Arbeiteraktivisten Ed Cubelo und Rodrigo Esparago - Deutsch-Philippinische Freunde e.V.","isPartOf":{"@id":"https:\/\/dp-freunde.de\/comm\/#website"},"primaryImageOfPage":{"@id":"https:\/\/dp-freunde.de\/comm\/2024\/08\/solidaritaets-erklaerung-mit-den-arbeiteraktivisten-ed-cubelo-und-rodrigo-esparago\/#primaryimage"},"image":{"@id":"https:\/\/dp-freunde.de\/comm\/2024\/08\/solidaritaets-erklaerung-mit-den-arbeiteraktivisten-ed-cubelo-und-rodrigo-esparago\/#primaryimage"},"thumbnailUrl":"https:\/\/dp-freunde.de\/comm\/wp-content\/uploads\/2024\/08\/Bild_KMU.png","datePublished":"2024-08-01T17:58:02+00:00","dateModified":"2024-08-11T18:03:43+00:00","author":{"@id":"https:\/\/dp-freunde.de\/comm\/#\/schema\/person\/5283843684813fd75a5e3d0675c1100f"},"breadcrumb":{"@id":"https:\/\/dp-freunde.de\/comm\/2024\/08\/solidaritaets-erklaerung-mit-den-arbeiteraktivisten-ed-cubelo-und-rodrigo-esparago\/#breadcrumb"},"inLanguage":"de","potentialAction":[{"@type":"ReadAction","target":["https:\/\/dp-freunde.de\/comm\/2024\/08\/solidaritaets-erklaerung-mit-den-arbeiteraktivisten-ed-cubelo-und-rodrigo-esparago\/"]}]},{"@type":"ImageObject","inLanguage":"de","@id":"https:\/\/dp-freunde.de\/comm\/2024\/08\/solidaritaets-erklaerung-mit-den-arbeiteraktivisten-ed-cubelo-und-rodrigo-esparago\/#primaryimage","url":"https:\/\/dp-freunde.de\/comm\/wp-content\/uploads\/2024\/08\/Bild_KMU.png","contentUrl":"https:\/\/dp-freunde.de\/comm\/wp-content\/uploads\/2024\/08\/Bild_KMU.png","width":2160,"height":2160},{"@type":"BreadcrumbList","@id":"https:\/\/dp-freunde.de\/comm\/2024\/08\/solidaritaets-erklaerung-mit-den-arbeiteraktivisten-ed-cubelo-und-rodrigo-esparago\/#breadcrumb","itemListElement":[{"@type":"ListItem","position":1,"name":"Startseite","item":"https:\/\/dp-freunde.de\/comm\/"},{"@type":"ListItem","position":2,"name":"Solidarit\u00e4ts-Erkl\u00e4rung mit den Arbeiteraktivisten Ed Cubelo und Rodrigo Esparago"}]},{"@type":"WebSite","@id":"https:\/\/dp-freunde.de\/comm\/#website","url":"https:\/\/dp-freunde.de\/comm\/","name":"Deutsch-Philippinische Freunde e.V.","description":"Solidarische Hilfe bei gegenseitigem Respekt auf Augenh\u00f6he","potentialAction":[{"@type":"SearchAction","target":{"@type":"EntryPoint","urlTemplate":"https:\/\/dp-freunde.de\/comm\/?s={search_term_string}"},"query-input":{"@type":"PropertyValueSpecification","valueRequired":true,"valueName":"search_term_string"}}],"inLanguage":"de"},{"@type":"Person","@id":"https:\/\/dp-freunde.de\/comm\/#\/schema\/person\/5283843684813fd75a5e3d0675c1100f","name":"Webmaster1"}]}},"_links":{"self":[{"href":"https:\/\/dp-freunde.de\/comm\/wp-json\/wp\/v2\/posts\/9935","targetHints":{"allow":["GET"]}}],"collection":[{"href":"https:\/\/dp-freunde.de\/comm\/wp-json\/wp\/v2\/posts"}],"about":[{"href":"https:\/\/dp-freunde.de\/comm\/wp-json\/wp\/v2\/types\/post"}],"author":[{"embeddable":true,"href":"https:\/\/dp-freunde.de\/comm\/wp-json\/wp\/v2\/users\/6"}],"replies":[{"embeddable":true,"href":"https:\/\/dp-freunde.de\/comm\/wp-json\/wp\/v2\/comments?post=9935"}],"version-history":[{"count":0,"href":"https:\/\/dp-freunde.de\/comm\/wp-json\/wp\/v2\/posts\/9935\/revisions"}],"wp:featuredmedia":[{"embeddable":true,"href":"https:\/\/dp-freunde.de\/comm\/wp-json\/wp\/v2\/media\/9936"}],"wp:attachment":[{"href":"https:\/\/dp-freunde.de\/comm\/wp-json\/wp\/v2\/media?parent=9935"}],"wp:term":[{"taxonomy":"category","embeddable":true,"href":"https:\/\/dp-freunde.de\/comm\/wp-json\/wp\/v2\/categories?post=9935"},{"taxonomy":"post_tag","embeddable":true,"href":"https:\/\/dp-freunde.de\/comm\/wp-json\/wp\/v2\/tags?post=9935"}],"curies":[{"name":"wp","href":"https:\/\/api.w.org\/{rel}","templated":true}]}}